{"id":270021,"date":"2025-07-24T08:26:10","date_gmt":"2025-07-24T08:26:10","guid":{"rendered":"https:\/\/www.europesays.com\/fr\/270021\/"},"modified":"2025-07-24T08:26:10","modified_gmt":"2025-07-24T08:26:10","slug":"anciens-psg-liverpool-casse-sa-tirelire-pour-hugo-ekitike","status":"publish","type":"post","link":"https:\/\/www.europesays.com\/fr\/270021\/","title":{"rendered":"Anciens PSG &#8211; Liverpool casse sa tirelire pour Hugo Ekitike"},"content":{"rendered":"<p><img width=\"700\" height=\"350\" src=\"https:\/\/www.europesays.com\/fr\/wp-content\/uploads\/2025\/07\/Hugo-Ekitike.jpg\" class=\"attachment-jannah-image-post size-jannah-image-post wp-post-image\" alt=\"Hugo ekitike\" is_main_img=\"1\" decoding=\"async\" fetchpriority=\"high\"  \/><br \/>\n Image :<br \/>\nliverpoolfc.com<\/p>\n<p>Comme annonc\u00e9 depuis quelques jours, l\u2019ancien du PSG, Hugo<br \/>\nEkitike, a officiellement rejoint Liverpool contre une somme de<br \/>\n90M\u20ac.<\/p>\n<p>Apr\u00e8s un \u00e9chec au <strong>PSG<\/strong>, <strong><a href=\"https:\/\/canal-supporters.com\/anciens-hugo-ekitike-revient-sur-son-passage-au-psg\/\" title=\"\" rel=\"nofollow noopener\" target=\"_blank\">Hugo Ekitike<\/a><\/strong> aura une nouvelle occasion de<br \/>\nbriller dans un gros club europ\u00e9en. Apr\u00e8s une saison r\u00e9ussie du<br \/>\nc\u00f4t\u00e9 de <strong>l\u2019Eintracht Francfort<\/strong> (22 buts et 12<br \/>\npasses d\u00e9cisives en 48 matches), l\u2019international Espoirs fran\u00e7ais<br \/>\nva d\u00e9couvrir la <strong>Premier League<\/strong>. Tr\u00e8s actif durant<br \/>\nce mercato estival, <strong>Liverpool<\/strong> a d\u00e9bours\u00e9 la somme<br \/>\nde 90M\u20ac pour s\u2019attacher les services de l\u2019attaquant de 23 ans. Une<br \/>\ngrosse plus-value r\u00e9alis\u00e9e par les dirigeants allemands, qui<br \/>\navaient rachet\u00e9 le joueur \u00e0 <strong>Paris<\/strong> contre 16,5M\u20ac<br \/>\nl\u2019\u00e9t\u00e9 dernier.<\/p>\n<p>Le PSG va<br \/>\ntoucher un peu plus de 15M\u20ac<\/p>\n<p>Les Reds ont officialis\u00e9 l\u2019information mercredi soir<br \/>\nvia un <strong><a href=\"https:\/\/x.com\/LFC\" target=\"_blank\" rel=\"noopener nofollow\" title=\"\">communiqu\u00e9<\/a><\/strong>. \u00ab\u00a0Le<br \/>\n<strong>Liverpool FC<\/strong> a conclu un accord pour le transfert<br \/>\nde l\u2019attaquant de <strong>l\u2019Eintracht<br \/>\nFrancfort<\/strong>\u00a0<strong>Hugo Ekitike<\/strong>, sous r\u00e9serve<br \/>\nde l\u2019autorisation internationale. Le joueur de 23 ans a pass\u00e9 avec<br \/>\nsucc\u00e8s un examen m\u00e9dical et a accept\u00e9 les conditions personnelles<br \/>\navec les Reds, lui permettant de s\u2019envoler pour <strong>Hong<br \/>\nKong<\/strong> pour rejoindre ses nouveaux co\u00e9quipiers lors de leur<br \/>\ntourn\u00e9e de pr\u00e9-saison en <strong>Asie<\/strong> plus tard cette<br \/>\nsemaine.\u00a0\u00bb Dans cette affaire, le <strong>PSG<\/strong><br \/>\ns\u2019y retrouvera aussi. Apr\u00e8s avoir d\u00e9pens\u00e9 35M\u20ac, bonus compris, pour<br \/>\ns\u2019attacher les services de l\u2019ancien R\u00e9mois \u00e0 l\u2019\u00e9t\u00e9 2022, les Rouge<br \/>\n&amp; Bleu avaient r\u00e9ussi \u00e0 le revendre \u00e0 <strong>l\u2019Eintracht<br \/>\nFrancfort<\/strong> contre la somme de 16,5M\u20ac, \u00e0 laquelle il faut<br \/>\nrajouter 3,5M\u20ac du pr\u00eat payant pendant les six mois avant son<br \/>\ntransfert d\u00e9finitif. Et gr\u00e2ce \u00e0 la clause des 20% de la plus-value<br \/>\nsur la revente du joueur, les champions d\u2019Europe vont toucher un<br \/>\nplus de 15M\u20ac dans ce transfert d\u2019<strong>Hugo Ekitike<\/strong> \u00e0<br \/>\n<strong>Liverpool<\/strong>. Apr\u00e8s <strong><a href=\"https:\/\/canal-supporters.com\/les-demandes-du-psg-pour-laisser-filer-kolo-muani-a-la-juve\/\" title=\"\" rel=\"nofollow noopener\" target=\"_blank\">Randal Kolo Muani<\/a><\/strong> (70M\u20ac hors bonus) et<br \/>\n<strong>Omar\u00a0Marmoush<\/strong>\u00a0(75M\u20ac),<br \/>\n<strong>l\u2019Eintracht Francfort<\/strong> a conclu une nouvelle grosse<br \/>\nvente en l\u2019espace de deux ans.<\/p>\n<\/p>\n<p>Youtube :<br \/>\n<strong><a href=\"https:\/\/www.youtube.com\/@CanalSupportersParis\" target=\"_blank\" rel=\"noopener nofollow\" title=\"\">Canal Supporters<br \/>\nParis<\/a><\/strong><\/p>\n","protected":false},"excerpt":{"rendered":"Image : liverpoolfc.com Comme annonc\u00e9 depuis quelques jours, l\u2019ancien du PSG, Hugo Ekitike, a officiellement rejoint Liverpool contre&hellip;\n","protected":false},"author":2,"featured_media":270022,"comment_status":"","ping_status":"","sticky":false,"template":"","format":"standard","meta":{"footnotes":""},"categories":[1410],"tags":[40929,8132,81,787,40438,40930,63,1011,27,40440,3490,91,92,93,60,96],"class_list":{"0":"post-270021","1":"post","2":"type-post","3":"status-publish","4":"format-standard","5":"has-post-thumbnail","7":"category-football","8":"tag-ancien-psg","9":"tag-anciens","10":"tag-canal-supporters","11":"tag-cs","12":"tag-eintracht-francfort","13":"tag-ekitike-psg","14":"tag-football","15":"tag-fr","16":"tag-france","17":"tag-hugo-ekitike","18":"tag-liverpool","19":"tag-paris-saint-germain","20":"tag-paris-sg","21":"tag-psg","22":"tag-sports","23":"tag-une"},"share_on_mastodon":{"url":"https:\/\/pubeurope.com\/@fr\/114907262660762797","error":""},"_links":{"self":[{"href":"https:\/\/www.europesays.com\/fr\/wp-json\/wp\/v2\/posts\/270021","targetHints":{"allow":["GET"]}}],"collection":[{"href":"https:\/\/www.europesays.com\/fr\/wp-json\/wp\/v2\/posts"}],"about":[{"href":"https:\/\/www.europesays.com\/fr\/wp-json\/wp\/v2\/types\/post"}],"author":[{"embeddable":true,"href":"https:\/\/www.europesays.com\/fr\/wp-json\/wp\/v2\/users\/2"}],"replies":[{"embeddable":true,"href":"https:\/\/www.europesays.com\/fr\/wp-json\/wp\/v2\/comments?post=270021"}],"version-history":[{"count":0,"href":"https:\/\/www.europesays.com\/fr\/wp-json\/wp\/v2\/posts\/270021\/revisions"}],"wp:featuredmedia":[{"embeddable":true,"href":"https:\/\/www.europesays.com\/fr\/wp-json\/wp\/v2\/media\/270022"}],"wp:attachment":[{"href":"https:\/\/www.europesays.com\/fr\/wp-json\/wp\/v2\/media?parent=270021"}],"wp:term":[{"taxonomy":"category","embeddable":true,"href":"https:\/\/www.europesays.com\/fr\/wp-json\/wp\/v2\/categories?post=270021"},{"taxonomy":"post_tag","embeddable":true,"href":"https:\/\/www.europesays.com\/fr\/wp-json\/wp\/v2\/tags?post=270021"}],"curies":[{"name":"wp","href":"https:\/\/api.w.org\/{rel}","templated":true}]}}