{"id":270023,"date":"2025-07-24T08:27:11","date_gmt":"2025-07-24T08:27:11","guid":{"rendered":"https:\/\/www.europesays.com\/fr\/270023\/"},"modified":"2025-07-24T08:27:11","modified_gmt":"2025-07-24T08:27:11","slug":"le-comic-con-attend-george-lucas-avec-impatience-actualites","status":"publish","type":"post","link":"https:\/\/www.europesays.com\/fr\/270023\/","title":{"rendered":"Le Comic-Con attend George Lucas avec impatience : Actualit\u00e9s"},"content":{"rendered":"<p class=\"lead \">Le Comic-Con revient jeudi \u00e0 San Diego et sera marqu\u00e9 par la premi\u00e8re apparition du cr\u00e9ateur de \u00ab\u00a0Star Wars\u00a0\u00bb, George Lucas, au sein du plus gros festival au monde consacr\u00e9 \u00e0 la pop-culture.<\/p>\n<p class=\"lead \">Fond\u00e9 en 1970, l&rsquo;\u00e9v\u00e9nement a grossi au point de devenir bien plus qu&rsquo;une grand-messe de geeks et d&rsquo;amateurs de bande dessin\u00e9e: il attire aujourd&rsquo;hui des foules immenses et des stars de premier plan, qui viennent promouvoir leurs nouveaux films et s\u00e9ries.<\/p>\n<p class=\"lead \">La venue de George Lucas, qui a marqu\u00e9 plusieurs g\u00e9n\u00e9rations avec les sagas \u00ab\u00a0Star Wars\u00a0\u00bb et \u00ab\u00a0Indiana Jones\u00a0\u00bb, est donc un moment fort pour les fans. <\/p>\n<p class=\"lead \">Le r\u00e9alisateur est attendu dimanche pour pr\u00e9senter le \u00ab\u00a0Lucas Museum of Narrative Art\u00a0\u00bb, un mus\u00e9e en forme de vaisseau spatial dont la construction est en train de se terminer \u00e0 Los Angeles. <\/p>\n<p class=\"lead \">Le b\u00e2timent futuriste doit ouvrir ses portes l&rsquo;an prochain et le cin\u00e9aste discutera de ce projet avec le r\u00e9alisateur mexicain Guillermo del Toro et le designer Doug Chiang, qui a largement particip\u00e9 \u00e0 fa\u00e7onner l&rsquo;univers visuel de \u00ab\u00a0Star Wars\u00a0\u00bb.<\/p>\n<p class=\"lead \">\u00ab\u00a0C&rsquo;est vraiment la boucle qui se boucle\u00a0\u00bb, a estim\u00e9 David Glanzer, responsable de la communication de Comic-Con, en rappelant que l&rsquo;op\u00e9ra intergalactique de M. Lucas avait d\u00e9j\u00e0 fait sensation lors de ce rassemblement il y a pr\u00e8s de cinquante ans.<\/p>\n<p class=\"lead \">&#8211; Marvel en retrait, \u00ab\u00a0Alien\u00a0\u00bb en vedette &#8211;<\/p>\n<p class=\"lead \">Habitu\u00e9 \u00e0 dominer le Comic-Con avec des annonces concernant les aventures de ses multiples super-h\u00e9ros, les studios Marvel auront cette ann\u00e9e une pr\u00e9sence plus discr\u00e8te au Comic-Con, sans assurer de pr\u00e9sentation dans le plus grand hall du salon.<\/p>\n<p class=\"lead \">La suite de la saga \u00ab\u00a0Avengers\u00a0\u00bb est dans les tuyaux, mais sa date de sortie a \u00e9t\u00e9 repouss\u00e9e \u00e0 d\u00e9cembre 2026. Plut\u00f4t que d&rsquo;interrompre le tournage actuellement en cours au Royaume-Uni pour faire parader ses acteurs, Marvel a donc fait le choix de se r\u00e9server pour l&rsquo;an prochain, selon le magazine Variety.<\/p>\n<p class=\"lead \">La saga \u00ab\u00a0Alien\u00a0\u00bb en profitera pour lui voler la vedette, en pr\u00e9sentant la s\u00e9rie \u00ab\u00a0Alien: Earth\u00a0\u00bb, qui se d\u00e9roule quelques ann\u00e9es avant les \u00e9v\u00e9nements d\u00e9peints dans le thriller spatial de Ridley Scott, sorti en 1979.<\/p>\n<p class=\"lead \">R\u00e9alis\u00e9e par Noah Hawley, cette production FX &#8211; propri\u00e9t\u00e9 de Disney &#8211; sortira progressivement en streaming \u00e0 partir d&rsquo;ao\u00fbt.  <\/p>\n<p class=\"lead \">Un autre monstre aura aussi son moment de gloire au Comic-Con cette ann\u00e9e. Le long-m\u00e9trage \u00ab\u00a0Predator: Badlands\u00a0\u00bb sera pr\u00e9sent\u00e9 lors d&rsquo;une table ronde vendredi, en pr\u00e9sence du r\u00e9alisateur Dan Trachtenberg, et des acteurs Elle Fanning et Dimitrius Schuster-Koloamatangi.<\/p>\n<p class=\"lead \">Dans ce nouveau volet de la franchise, l&rsquo;intrigue habituelle est renvers\u00e9e: le pr\u00e9dateur se retrouve en territoire hostile et devient une proie, plut\u00f4t que d&rsquo;\u00eatre le chasseur.<\/p>\n<p class=\"lead \">&#8211; Ryan Gosling en sauveur &#8211;<\/p>\n<p class=\"lead \">Autre moment fort de cette \u00e9dition, Ryan Gosling est attendu samedi pour pr\u00e9senter \u00ab\u00a0Projet derni\u00e8re chance\u00a0\u00bb, film pr\u00e9vu pour le printemps 2026, o\u00f9 il incarne un professeur de science se r\u00e9veillant seul \u00e0 bord d&rsquo;un vaisseau spatial, qui doit emp\u00eacher l&rsquo;extinction du Soleil.<\/p>\n<p class=\"lead \">Du c\u00f4t\u00e9 de l&rsquo;univers DC, grand rival de Marvel, le r\u00e9alisateur James Gunn pr\u00e9sentera la deuxi\u00e8me saison de l&rsquo;anti-h\u00e9ros \u00ab\u00a0Peacemaker\u00a0\u00bb, introduit en 2021 dans le film \u00ab\u00a0The Suicide Squad\u00a0\u00bb.<\/p>\n<p class=\"lead \">Au-del\u00e0 de tous ces \u00e9v\u00e9nements promotionnels, des dizaines des milliers de visiteurs d\u00e9guis\u00e9s en princesses, guerriers et autres extraterrestres sont attendus comme chaque ann\u00e9e \u00e0 San Diego. <\/p>\n<p class=\"lead \">Le Comic-Con se d\u00e9roule jusqu&rsquo;\u00e0 dimanche.<\/p>\n<p class=\"small font-weight-bold text-gray3 \"> publi\u00e9 le 24 juillet \u00e0 05h35, AFP<\/p>\n<p>                             Partager<\/p>\n","protected":false},"excerpt":{"rendered":"Le Comic-Con revient jeudi \u00e0 San Diego et sera marqu\u00e9 par la premi\u00e8re apparition du cr\u00e9ateur de \u00ab\u00a0Star&hellip;\n","protected":false},"author":2,"featured_media":270024,"comment_status":"","ping_status":"","sticky":false,"template":"","format":"standard","meta":{"footnotes":""},"categories":[1359],"tags":[9993,1971,1972,251,58,59,1011,27,973,308],"class_list":{"0":"post-270023","1":"post","2":"type-post","3":"status-publish","4":"format-standard","5":"has-post-thumbnail","7":"category-people","8":"tag-bd","9":"tag-clbrits","10":"tag-cinma","11":"tag-culture","12":"tag-divertissement","13":"tag-entertainment","14":"tag-fr","15":"tag-france","16":"tag-people","17":"tag-usa"},"share_on_mastodon":{"url":"https:\/\/pubeurope.com\/@fr\/114907266663530087","error":""},"_links":{"self":[{"href":"https:\/\/www.europesays.com\/fr\/wp-json\/wp\/v2\/posts\/270023","targetHints":{"allow":["GET"]}}],"collection":[{"href":"https:\/\/www.europesays.com\/fr\/wp-json\/wp\/v2\/posts"}],"about":[{"href":"https:\/\/www.europesays.com\/fr\/wp-json\/wp\/v2\/types\/post"}],"author":[{"embeddable":true,"href":"https:\/\/www.europesays.com\/fr\/wp-json\/wp\/v2\/users\/2"}],"replies":[{"embeddable":true,"href":"https:\/\/www.europesays.com\/fr\/wp-json\/wp\/v2\/comments?post=270023"}],"version-history":[{"count":0,"href":"https:\/\/www.europesays.com\/fr\/wp-json\/wp\/v2\/posts\/270023\/revisions"}],"wp:featuredmedia":[{"embeddable":true,"href":"https:\/\/www.europesays.com\/fr\/wp-json\/wp\/v2\/media\/270024"}],"wp:attachment":[{"href":"https:\/\/www.europesays.com\/fr\/wp-json\/wp\/v2\/media?parent=270023"}],"wp:term":[{"taxonomy":"category","embeddable":true,"href":"https:\/\/www.europesays.com\/fr\/wp-json\/wp\/v2\/categories?post=270023"},{"taxonomy":"post_tag","embeddable":true,"href":"https:\/\/www.europesays.com\/fr\/wp-json\/wp\/v2\/tags?post=270023"}],"curies":[{"name":"wp","href":"https:\/\/api.w.org\/{rel}","templated":true}]}}