{"id":270025,"date":"2025-07-24T08:28:09","date_gmt":"2025-07-24T08:28:09","guid":{"rendered":"https:\/\/www.europesays.com\/fr\/270025\/"},"modified":"2025-07-24T08:28:09","modified_gmt":"2025-07-24T08:28:09","slug":"le-cliche-dune-photographe-de-haute-garonne-expose-en-grand-format-lors-dun-festival-international-a-arles","status":"publish","type":"post","link":"https:\/\/www.europesays.com\/fr\/270025\/","title":{"rendered":"Le clich\u00e9 d\u2019une photographe de Haute-Garonne expos\u00e9 en grand format lors d\u2019un festival international \u00e0 Arles"},"content":{"rendered":"<p>            Par<br \/>\n        <strong><br \/>\n            <a href=\"https:\/\/actu.fr\/auteur\/journaliste-lg\" title=\"Consulter tous les articles de R\u00e9daction Lauragais\" rel=\"nofollow noopener\" target=\"_blank\">R\u00e9daction Lauragais<\/a><br \/>\n        <\/strong><\/p>\n<p>        Publi\u00e9 le<\/p>\n<p>            23 juil. 2025 \u00e0 17h48        <\/p>\n<p>C\u2019est un beau coup de projecteur sur son travail. Photographe install\u00e9e dans le village de <a href=\"https:\/\/actu.fr\/occitanie\/trebons-sur-la-grasse_31560:\/\/actu.fr\/occitanie\/trebons-sur-la-grasse_31560\" rel=\"nofollow noopener\" target=\"_blank\">Tr\u00e9bons-sur-la-Grasse<\/a>, <b>Agathe Fanny Mazurier<\/b> a vu ses clich\u00e9s \u00eatre rep\u00e9r\u00e9s dans le cadre d\u2019un concours photo par l\u2019association <b>Art Icon<\/b>. Cette derni\u00e8re a notamment \u00e9t\u00e9 s\u00e9duite par l\u2019un de ses portraits qui vient d\u2019\u00eatre expos\u00e9 en grand format, sur une toile de deux m\u00e8tres par deux install\u00e9e sur les berges du Rh\u00f4ne, durant tout le festival off des <b>Rencontres photographiques d\u2019Arles<\/b>.<\/p>\n<p class=\" wall-content\">Le projet s\u2019appelle <b>Faces<\/b>\u2009; c\u2019est une s\u00e9rie de <b>270 portraits tous en gros plan<\/b>, pris de face. L\u2019exposition r\u00e9unit des photographes professionnels, issus d\u2019une dizaine de pays du monde entier, de Cairns en Australie \u00e0 Rio de Janeiro au Br\u00e9sil, en passant par l\u2019Espagne ou la Suisse. <b>Agathe Fanny Mazurier est l\u2019une des rares Fran\u00e7aises \u00e0 avoir \u00e9t\u00e9 retenues<\/b>.<\/p>\n<p>Un portrait de sa m\u00e8re<\/p>\n<p class=\" wall-content\">Le clich\u00e9 est un portrait, en gros plan, <b>que la photographe tr\u00e9bonnaise a pris de sa m\u00e8re<\/b>. Sa photo, comme toutes les autres, est accompagn\u00e9e de quelques lignes pr\u00e9sentant sa biographie et d\u2019un QR code qui est un lien vers son site Internet.<\/p>\n<p class=\" wall-content\">Agathe Fanny Mazurier habite \u00e0 Tr\u00e9bons-sur-la-Grasse depuis tr\u00e8s longtemps, mais sa passion pour la photographie, h\u00e9rit\u00e9e de son p\u00e8re, est beaucoup plus ancienne encore. Ce qu\u2019elle aime, c\u2019est photographier les gens. Quand, en 2020, Philippe, son mari, lui construit un petit atelier photo, adoss\u00e9 \u00e0 leur maison, <b>Agathe fait alors de sa passion son activit\u00e9 professionnelle<\/b>.<\/p>\n<p class=\" wall-content\">Elle fait des photos, des portraits sur commande. Pour un CV ou un site internet, s\u2019il le faut. Mais elle aime par-dessus tout capter en un clich\u00e9 la personnalit\u00e9 de ceux et celles qui font appel \u00e0 ses services, en saisir la beaut\u00e9, <b>donner \u00e0 ses portraits un suppl\u00e9ment d\u2019\u00e2me<\/b>. Les longs \u00e9changes qui pr\u00e9c\u00e8dent le shooting photo servent \u00e0 faire na\u00eetre l\u2019id\u00e9e d\u2019un portrait original. Quand vient la s\u00e9ance de travail, la pose qu\u2019elle imagine, l\u2019accessoire qu\u2019elle propose, donnent naissance, par t\u00e2tonnements et essais, \u00e0 un portrait toujours original.<\/p>\n<p>Vid\u00e9os : en ce moment sur Actu\u00ab\u2009Un portrait, \u00e7a se construit\u2009\u00bb<\/p>\n<p class=\" wall-content\">Agathe a acquis une solide r\u00e9putation. Son travail est appr\u00e9ci\u00e9. Son contact est chaleureux et son <b>petit atelier photo de 13m2 tr\u00e8s cosy<\/b>. Les clients reviennent. Mais ce qu\u2019Agathe pr\u00e9f\u00e8re ce sont ses <b>personal work<\/b>. Des projets photos, qu\u2019elle r\u00e9alise pour son seul plaisir. Les id\u00e9es naissent sans cesse dans sa t\u00eate, \u00e0 partir d\u2019un objet du quotidien d\u00e9tourn\u00e9 de son usage qui l\u2019inspire soudain, ou au d\u00e9tour d\u2019une rue, parfois m\u00eame en croisant quelqu\u2019un qu\u2019elle n\u2019h\u00e9site pas \u00e0 aborder. Petit \u00e0 petit, l\u2019id\u00e9e se pr\u00e9cise. Un visuel na\u00eet d\u2019abord puis, en faisant, en t\u00e2tonnant, la cr\u00e9ation prend forme. <b>\u00ab\u2009Un portrait, \u00e7a se construit\u2009\u00bb<\/b>, aime-t-elle dire. Regarder \u00e0 travers l\u2019appareil, ajuster le cadrage permet aussi de cr\u00e9er.<\/p>\n<p class=\" wall-content\">C\u2019est la <b>s\u00e9rie intitul\u00e9e entangled (emp\u00eatr\u00e9s)<\/b> qui lui a permis d\u2019\u00eatre expos\u00e9e \u00e0 Arles. Il s\u2019agit d\u2019une s\u00e9rie de cinq portraits de jeunes gens, gar\u00e7ons et filles, emp\u00eatr\u00e9s dans cinq tuyaux plastique de chantier de couleurs diff\u00e9rentes, comme ils le sont peut-\u00eatre dans la vie.<\/p>\n<p>Elle multiplie les projets photographiques<\/p>\n<p class=\" wall-content\">Elle a tout r\u00e9cemment initi\u00e9 une s\u00e9rie d\u2019autoportraits sur le th\u00e8me des t\u00e2ches m\u00e9nag\u00e8res d\u2019hier et d\u2019aujourd\u2019hui, dont les premiers clich\u00e9s sont visibles sur son site Internet. Elle r\u00e9alise par ailleurs des photos de sc\u00e8nes de th\u00e9\u00e2tre lors des repr\u00e9sentations de son ami, com\u00e9dien et metteur en sc\u00e8ne, <b>Christophe Anglade<\/b> de la compagnie toulousaine <b>Paradis \u00c9prouvette<\/b>. Elle envisage m\u00eame de le photographier en plein travail avec les jeunes de son atelier th\u00e9\u00e2tre.<\/p>\n<p class=\" wall-content\">Depuis plusieurs \u00e9t\u00e9s, elle se rend dans le quartier de la Gloire, en haut de l\u2019avenue du m\u00eame nom, \u00e0 Toulouse. Avec l\u2019association \u0153uvrant dans ce quartier populaire, elle r\u00e9alise des portraits des populations vivant l\u00e0, pris sur leur lieu d\u2019habitation, en particulier des clich\u00e9s de jeunes gar\u00e7ons du quartier. Le projet d\u00e9bouche sur une soir\u00e9e de projection de ces photos sur un \u00e9cran g\u00e9ant ou l\u2019ann\u00e9e suivante sur l\u2019impression d\u2019une grande b\u00e2che de 5\u00a0m x 3\u00a0m affich\u00e9e pour tous. Cette initiative qui lui tient \u00e0 c\u0153ur, met \u00e0 l\u2019honneur ces gens ordinaires, <b>\u00e0 la mani\u00e8re du photographe JR<\/b> qui prend en photo des anonymes et expose leurs gigantesques portraits sur les immeubles des grandes villes du monde entier.<\/p>\n<p class=\" wall-content\">Agathe Fanny Mazurier n\u2019a pas encore la notori\u00e9t\u00e9 de ce photographe fran\u00e7ais mondialement connu, mais sa pr\u00e9sence aux Rencontres d\u2019Arles lui assure une visibilit\u00e9\u2009; c\u2019est aussi \u00e0 coup s\u00fbr une <b>reconnaissance de la qualit\u00e9 de son travail et de sa cr\u00e9ativit\u00e9<\/b>, par ailleurs plusieurs fois r\u00e9compens\u00e9e dans des concours de photos.<\/p>\n<p>Vous pouvez suivre le travail d\u2019Agathe Fanny Mazurier sur <a href=\"https:\/\/www.instagram.com\/agathefannyphoto\/\" rel=\"nofollow noopener\" target=\"_blank\">Instagram<\/a> ou sur son <a href=\"https:\/\/www.agathefanny.com\/\" rel=\"nofollow noopener\" target=\"_blank\">site Internet<\/a>.<\/p>\n<p class=\" wall-content\">Suivez toute l\u2019actualit\u00e9 de vos villes et m\u00e9dias favoris en vous inscrivant \u00e0 <a href=\"https:\/\/moncompte.actu.fr\" title=\"D\u00e9couvez Mon Actu\" rel=\"nofollow noopener\" data-trk=\"{&quot;cta&quot;:{&quot;action&quot;:&quot;https:\\\/\\\/moncompte.actu.fr&quot;,&quot;category&quot;:&quot;mon compte&quot;,&quot;from&quot;:&quot;article footer&quot;,&quot;name&quot;:&quot;Mon actu&quot;,&quot;type&quot;:&quot;cta&quot;}}\" target=\"_blank\">Mon Actu<\/a>.<\/p>\n<p>                    <script async src=\"\/\/www.instagram.com\/embed.js\"><\/script><\/p>\n","protected":false},"excerpt":{"rendered":"Par R\u00e9daction Lauragais Publi\u00e9 le 23 juil. 2025 \u00e0 17h48 C\u2019est un beau coup de projecteur sur son&hellip;\n","protected":false},"author":2,"featured_media":270026,"comment_status":"","ping_status":"","sticky":false,"template":"","format":"standard","meta":{"footnotes":""},"categories":[1358],"tags":[1348,1384,1385,1386,58,59,1011,27,1756,104],"class_list":{"0":"post-270025","1":"post","2":"type-post","3":"status-publish","4":"format-standard","5":"has-post-thumbnail","7":"category-arts-et-design","8":"tag-arts","9":"tag-arts-and-design","10":"tag-arts-et-design","11":"tag-design","12":"tag-divertissement","13":"tag-entertainment","14":"tag-fr","15":"tag-france","16":"tag-photographie","17":"tag-societe"},"share_on_mastodon":{"url":"https:\/\/pubeurope.com\/@fr\/114907270577347304","error":""},"_links":{"self":[{"href":"https:\/\/www.europesays.com\/fr\/wp-json\/wp\/v2\/posts\/270025","targetHints":{"allow":["GET"]}}],"collection":[{"href":"https:\/\/www.europesays.com\/fr\/wp-json\/wp\/v2\/posts"}],"about":[{"href":"https:\/\/www.europesays.com\/fr\/wp-json\/wp\/v2\/types\/post"}],"author":[{"embeddable":true,"href":"https:\/\/www.europesays.com\/fr\/wp-json\/wp\/v2\/users\/2"}],"replies":[{"embeddable":true,"href":"https:\/\/www.europesays.com\/fr\/wp-json\/wp\/v2\/comments?post=270025"}],"version-history":[{"count":0,"href":"https:\/\/www.europesays.com\/fr\/wp-json\/wp\/v2\/posts\/270025\/revisions"}],"wp:featuredmedia":[{"embeddable":true,"href":"https:\/\/www.europesays.com\/fr\/wp-json\/wp\/v2\/media\/270026"}],"wp:attachment":[{"href":"https:\/\/www.europesays.com\/fr\/wp-json\/wp\/v2\/media?parent=270025"}],"wp:term":[{"taxonomy":"category","embeddable":true,"href":"https:\/\/www.europesays.com\/fr\/wp-json\/wp\/v2\/categories?post=270025"},{"taxonomy":"post_tag","embeddable":true,"href":"https:\/\/www.europesays.com\/fr\/wp-json\/wp\/v2\/tags?post=270025"}],"curies":[{"name":"wp","href":"https:\/\/api.w.org\/{rel}","templated":true}]}}