{"id":270027,"date":"2025-07-24T08:29:12","date_gmt":"2025-07-24T08:29:12","guid":{"rendered":"https:\/\/www.europesays.com\/fr\/270027\/"},"modified":"2025-07-24T08:29:12","modified_gmt":"2025-07-24T08:29:12","slug":"les-lectures-de-lete-de-phoebe-hadjimarkos-clarke","status":"publish","type":"post","link":"https:\/\/www.europesays.com\/fr\/270027\/","title":{"rendered":"Les lectures de l&rsquo;\u00e9t\u00e9 de&#8230; Phoebe Hadjimarkos-Clarke"},"content":{"rendered":"<p>Que liront les \u00e9crivain\u00b7es cet \u00e9t\u00e9 ? On a demand\u00e9 \u00e0 plusieurs auteur\u00b7ices les livres qu\u2019ils emportaient dans leur valise pour leurs vacances. Aujourd\u2019hui, Phoebe Hadjimarkos-Clarke nous confie ses all\u00e9es et venues dans l\u2019\u0153uvre de Duras. <\/p>\n<p>\u201cVoil\u00e0 des ann\u00e9es que je dis \u00e0 qui veut l\u2019entendre que je d\u00e9teste <a href=\"https:\/\/www.lesinrocks.com\/livres\/marguerite-duras-lecrivain-toujours-seul-629672-19-09-2024\/\" rel=\"nofollow noopener\" target=\"_blank\">Marguerite Duras<\/a>. J\u2019avais lu quelques bouquins tr\u00e8s jeune sans en penser grand-chose je crois, puis j\u2019avais \u00e9t\u00e9 perdue par <a href=\"https:\/\/www.lesinrocks.com\/cinema\/marguerite-duras-en-8-apparitions-tele-131719-26-01-2018\/\" rel=\"nofollow noopener\" target=\"_blank\">Le Ravissement de Lol V. Stein<\/a> il y a une grosse dizaine d\u2019ann\u00e9es et j\u2019ai donc d\u00e9cr\u00e9t\u00e9 que cette autrice me gonflait. Sauf que ce printemps, je suis tomb\u00e9e un peu par hasard sur L\u2019Amant, je me suis dit \u2018pourquoi pas\u2019, et j\u2019ai \u00e9t\u00e9 stup\u00e9faite, soulev\u00e9e. J\u2019ai retrouv\u00e9 un exemplaire de Moderato Cantabile que j\u2019ai d\u00fb lire \u00e0 19 ans et qui a miraculeusement \u00e9chapp\u00e9 aux purges anti-durassiennes et aux d\u00e9m\u00e9nagements, et voil\u00e0, je me pr\u00e9pare \u00e0 lire avec d\u00e9lectation \u00e0 l\u2019inf\u00e2me et merveilleuse Duras !\u201d<\/p>\n<p>Paru en 1958, Moderato cantabile est le huiti\u00e8me livre de Duras et le premier publi\u00e9 chez Minuit. Il met en sc\u00e8ne, dans une petite ville de province, une jeune femme qui s\u2019ennuie, soudain perturb\u00e9e par un f\u00e9minicide perp\u00e9tr\u00e9 tout pr\u00e8s de l\u2019appartement o\u00f9 chaque semaine elle conduit son petit gar\u00e7on \u00e0 une le\u00e7on de piano. Nombre de th\u00e9matiques r\u00e9currentes de Duras sont r\u00e9unies dans ce court roman, o\u00f9 aucun des myst\u00e8res qui entourent le drame ne sera vraiment r\u00e9solu.\u00a0<\/p>\n<p><strong>Moderato cantabile, de Marguerite Duras (Minuit collection Double 1980), 172 p., 7,90 \u20ac.\u00a0<\/strong><\/p>\n<p><strong>Phoebe Hadjimarkos-Clarke, dernier livre publi\u00e9\u00a0: <a href=\"https:\/\/www.lesinrocks.com\/livres\/aliene-de-phoebe-hadjimarkos-clarke-le-roman-queer-de-la-rentree-litteraire-600586-02-01-2024\/\" rel=\"nofollow noopener\" target=\"_blank\">Ali\u00e8ne <\/a>(sous-sol 2024), 288 p., 19,50 \u20ac.\u00a0<\/strong><\/p>\n<p><strong>Propos recueillis par Sylvie Tanette<\/strong><\/p>\n","protected":false},"excerpt":{"rendered":"Que liront les \u00e9crivain\u00b7es cet \u00e9t\u00e9 ? On a demand\u00e9 \u00e0 plusieurs auteur\u00b7ices les livres qu\u2019ils emportaient dans&hellip;\n","protected":false},"author":2,"featured_media":270028,"comment_status":"","ping_status":"","sticky":false,"template":"","format":"standard","meta":{"footnotes":""},"categories":[1357],"tags":[1379,58,59,1011,27,1380],"class_list":{"0":"post-270027","1":"post","2":"type-post","3":"status-publish","4":"format-standard","5":"has-post-thumbnail","7":"category-livres","8":"tag-books","9":"tag-divertissement","10":"tag-entertainment","11":"tag-fr","12":"tag-france","13":"tag-livres"},"share_on_mastodon":{"url":"https:\/\/pubeurope.com\/@fr\/114907274540760699","error":""},"_links":{"self":[{"href":"https:\/\/www.europesays.com\/fr\/wp-json\/wp\/v2\/posts\/270027","targetHints":{"allow":["GET"]}}],"collection":[{"href":"https:\/\/www.europesays.com\/fr\/wp-json\/wp\/v2\/posts"}],"about":[{"href":"https:\/\/www.europesays.com\/fr\/wp-json\/wp\/v2\/types\/post"}],"author":[{"embeddable":true,"href":"https:\/\/www.europesays.com\/fr\/wp-json\/wp\/v2\/users\/2"}],"replies":[{"embeddable":true,"href":"https:\/\/www.europesays.com\/fr\/wp-json\/wp\/v2\/comments?post=270027"}],"version-history":[{"count":0,"href":"https:\/\/www.europesays.com\/fr\/wp-json\/wp\/v2\/posts\/270027\/revisions"}],"wp:featuredmedia":[{"embeddable":true,"href":"https:\/\/www.europesays.com\/fr\/wp-json\/wp\/v2\/media\/270028"}],"wp:attachment":[{"href":"https:\/\/www.europesays.com\/fr\/wp-json\/wp\/v2\/media?parent=270027"}],"wp:term":[{"taxonomy":"category","embeddable":true,"href":"https:\/\/www.europesays.com\/fr\/wp-json\/wp\/v2\/categories?post=270027"},{"taxonomy":"post_tag","embeddable":true,"href":"https:\/\/www.europesays.com\/fr\/wp-json\/wp\/v2\/tags?post=270027"}],"curies":[{"name":"wp","href":"https:\/\/api.w.org\/{rel}","templated":true}]}}