{"id":270029,"date":"2025-07-24T08:30:15","date_gmt":"2025-07-24T08:30:15","guid":{"rendered":"https:\/\/www.europesays.com\/fr\/270029\/"},"modified":"2025-07-24T08:30:15","modified_gmt":"2025-07-24T08:30:15","slug":"tf1-attaque-canal-pour-son-offre-tv","status":"publish","type":"post","link":"https:\/\/www.europesays.com\/fr\/270029\/","title":{"rendered":"TF1 attaque Canal+ pour son offre TV+"},"content":{"rendered":"<p>2\u00a0\u20ac par mois pour acc\u00e9der \u00e0 plus de 80 cha\u00eenes, dont celles de la TNT en direct et en replay, c\u2019est la formule lanc\u00e9e par Canal+ l\u2019an dernier. Mais le groupe TF1 voit cette offre d\u2019un mauvais \u0153il et accuse son rival de \u00ab\u00a0parasitisme\u00a0\u00bb\u2026<\/p>\n<p>En mai 2024, <a href=\"https:\/\/www.01net.com\/actualites\/tv-nouvelle-offre-canal-2-tnt-myriade-programmes.html\" target=\"_blank\" rel=\"noopener\">Canal+ lan\u00e7ait une nouvelle offre baptis\u00e9e TV+<\/a>. Pour 2\u00a0\u20ac par mois, la formule propose un acc\u00e8s simplifi\u00e9 \u00e0 \u00ab\u00a0toute la TV en live et en replay\u00a0\u00bb depuis l\u2019app de Canal. Au menu\u00a0: retour en arri\u00e8re pendant un programme en direct, t\u00e9l\u00e9chargement de contenus pour les regarder hors connexion, multi-live, liste de lecture, et \u00e0 tout cela s\u2019ajoute une s\u00e9lection de contenus maison. Plus de 80 cha\u00eenes sont accessibles via TV+, dont celles de la TNT.<\/p>\n<p> La contre-attaque de TF1 face \u00e0 TV+ <\/p>\n<p>Et c\u2019est l\u00e0 que le b\u00e2t blesse. Le site L\u2019Inform\u00e9 rapporte en effet que <strong>TF1<\/strong> n\u2019a gu\u00e8re appr\u00e9ci\u00e9 cette formule TV+. Peu de temps apr\u00e8s son lancement, le groupe a saisi le tribunal judiciaire de Paris, en accusant <strong>Canal+<\/strong> de parasitisme et de contrefa\u00e7on sur les droits voisins et de marques. C\u2019est du s\u00e9rieux\u00a0: TF1 r\u00e9clame en effet 6,5 millions d\u2019euros en d\u00e9dommagement.<\/p>\n<p>Le n\u0153ud du litige repose sur la possibilit\u00e9 pour les abonn\u00e9s de regarder les programmes TV+ partout dans l\u2019Union europ\u00e9enne, comme l\u2019autorise la r\u00e9glementation \u2014 sauf que le service est aussi disponible au Royaume-Uni\u2026 alors qu\u2019aux derni\u00e8res nouvelles, le pays ne fait plus partie de l\u2019UE. L\u2019affaire est toujours en cours et TF1 pourrait avoir gain de cause m\u00eame si le dossier est toujours en cours d\u2019instruction.<\/p>\n<p>TF1 et Canal+ se regardent en chiens de fa\u00efence depuis quelques temps. L\u2019an dernier, c\u2019\u00e9tait Canal+ qui portait plainte contre TF1 pour contrefa\u00e7on et parasitisme\u00a0! La premi\u00e8re cha\u00eene d\u2019Europe venait en effet de lancer son nouveau service de streaming TF1+, or Canal estimait \u00eatre le seul \u00e0 pouvoir user de la marque \u00ab\u00a0+\u00a0\u00bb\u2026<\/p>\n<p>Lire <a href=\"https:\/\/www.01net.com\/actualites\/gros-succes-pour-tf1-un-an-apres-son-lancement.html\" target=\"_blank\" rel=\"noopener\">Gros succ\u00e8s pour TF1+ un an apr\u00e8s son lancement<\/a><\/p>\n<blockquote>\n<p class=\"text-base text-neutral-700 dark:text-neutral-300\">\ud83d\udd34 Pour ne manquer aucune actualit\u00e9 de 01net, suivez-nous sur <a href=\"https:\/\/news.google.com\/publications\/CAAqBwgKMJPsvAswoIfUAw?hl=fr&amp;gl=FR&amp;ceid=FR%3Afr\" target=\"_blank\" rel=\"noopener\">Google Actualit\u00e9s<\/a> et <a href=\"https:\/\/whatsapp.com\/channel\/0029VaH5gKg6xCSG9nQQhQ1Z\" target=\"_blank\" rel=\"noopener\">WhatsApp<\/a>.<\/p>\n<\/blockquote>\n<p class=\"post-source\">\n            Source :<br \/>\n            <a href=\"https:\/\/www.linforme.com\/medias-culture\/article\/tf1-attaque-canal-sur-son-offre-streaming-tv_3062.html\" target=\"_blank\" rel=\"noopener\"><br \/>\n              L&rsquo;Inform\u00e9<br \/>\n            <\/a>\n          <\/p>\n","protected":false},"excerpt":{"rendered":"2\u00a0\u20ac par mois pour acc\u00e9der \u00e0 plus de 80 cha\u00eenes, dont celles de la TNT en direct et&hellip;\n","protected":false},"author":2,"featured_media":270030,"comment_status":"","ping_status":"","sticky":false,"template":"","format":"standard","meta":{"footnotes":""},"categories":[1356],"tags":[10474,58,59,1011,27,252,199,1364],"class_list":{"0":"post-270029","1":"post","2":"type-post","3":"status-publish","4":"format-standard","5":"has-post-thumbnail","7":"category-television","8":"tag-canal","9":"tag-divertissement","10":"tag-entertainment","11":"tag-fr","12":"tag-france","13":"tag-television","14":"tag-tf1","15":"tag-tv"},"share_on_mastodon":{"url":"https:\/\/pubeurope.com\/@fr\/114907278426441604","error":""},"_links":{"self":[{"href":"https:\/\/www.europesays.com\/fr\/wp-json\/wp\/v2\/posts\/270029","targetHints":{"allow":["GET"]}}],"collection":[{"href":"https:\/\/www.europesays.com\/fr\/wp-json\/wp\/v2\/posts"}],"about":[{"href":"https:\/\/www.europesays.com\/fr\/wp-json\/wp\/v2\/types\/post"}],"author":[{"embeddable":true,"href":"https:\/\/www.europesays.com\/fr\/wp-json\/wp\/v2\/users\/2"}],"replies":[{"embeddable":true,"href":"https:\/\/www.europesays.com\/fr\/wp-json\/wp\/v2\/comments?post=270029"}],"version-history":[{"count":0,"href":"https:\/\/www.europesays.com\/fr\/wp-json\/wp\/v2\/posts\/270029\/revisions"}],"wp:featuredmedia":[{"embeddable":true,"href":"https:\/\/www.europesays.com\/fr\/wp-json\/wp\/v2\/media\/270030"}],"wp:attachment":[{"href":"https:\/\/www.europesays.com\/fr\/wp-json\/wp\/v2\/media?parent=270029"}],"wp:term":[{"taxonomy":"category","embeddable":true,"href":"https:\/\/www.europesays.com\/fr\/wp-json\/wp\/v2\/categories?post=270029"},{"taxonomy":"post_tag","embeddable":true,"href":"https:\/\/www.europesays.com\/fr\/wp-json\/wp\/v2\/tags?post=270029"}],"curies":[{"name":"wp","href":"https:\/\/api.w.org\/{rel}","templated":true}]}}