{"id":270034,"date":"2025-07-24T08:33:10","date_gmt":"2025-07-24T08:33:10","guid":{"rendered":"https:\/\/www.europesays.com\/fr\/270034\/"},"modified":"2025-07-24T08:33:10","modified_gmt":"2025-07-24T08:33:10","slug":"marcher-7000-pas-par-jour-reduit-les-risques-de-problemes-de-sante-graves-selon-une-etude","status":"publish","type":"post","link":"https:\/\/www.europesays.com\/fr\/270034\/","title":{"rendered":"Marcher 7000 pas par jour r\u00e9duit les risques de probl\u00e8mes de sant\u00e9 graves, selon une \u00e9tude"},"content":{"rendered":"<p>                             Par Le Figaro avec AFP<\/p>\n<p>                Le 24 juillet 2025 \u00e0 10h11<\/p>\n<p>                                        <img decoding=\"async\" src=\"https:\/\/www.europesays.com\/fr\/wp-content\/uploads\/2025\/07\/fd75ae3938db6ba21a4a9d26b748bf0c061f7e08269dbc7d6f48c5f2eeb1e5cc.jpg\" alt=\"Selon une \u00e9tude, marcher au moins 7000 pas par jour r\u00e9duit le risque de maladies graves\" class=\"a11y-hidden\"\/><\/p>\n<p>Pour \u00e9tablir un objectif bas\u00e9 sur la science, une \u00e9quipe internationale de chercheurs a pass\u00e9 au crible 57 \u00e9tudes portant sur 160.000 personnes au total, avant de publier ses travaux dans la revue Lancet Public Health.<\/p>\n<p class=\"fig-paragraph\">Marcher 7000 pas chaque jour fait consid\u00e9rablement baisser le risque d&rsquo;avoir de nombreux\u00a0<a href=\"http:\/\/www.lefigaro.fr\/voyages\/conseils\/malaise-infarctus-que-se-passe-t-il-en-cas-de-grave-probleme-de-sante-en-avion-20220812\" target=\"_blank\" data-fig-type=\"Article\" rel=\"noopener nofollow\" data-gtm-custom-categorie=\"navigation\" data-gtm-custom-action=\"crossclick\" data-gtm-custom-label=\"Contextuel\" data-gtm-event=\"customEventSPE\" data-fig-domain=\"LEFIGARO\">probl\u00e8mes de sant\u00e9 graves<\/a>, selon la plus vaste \u00e9tude de donn\u00e9es probantes \u00e0 ce jour, publi\u00e9e jeudi. Facile \u00e0 m\u00e9moriser et repris dans des applications mobiles pour smartphones, l&rsquo;objectif des 10.000 pas quotidiens ne se base sur aucune \u00e9tude m\u00e9dicale. G\u00e9n\u00e9ralement suivi par les personnes soucieuses de pr\u00e9server leur sant\u00e9, il vient en r\u00e9alit\u00e9 d&rsquo;une campagne marketing des ann\u00e9es 1960 pour un podom\u00e8tre japonais.<\/p>\n<p class=\"fig-paragraph\">Pour \u00e9tablir un objectif bas\u00e9 sur la science, une \u00e9quipe internationale de chercheurs a donc pass\u00e9 au crible 57 \u00e9tudes portant sur 160.000 personnes au total, avant de publier ses travaux dans la revue Lancet Public Health. Ils r\u00e9v\u00e8lent que marcher 7000 pas par jour r\u00e9duit de pr\u00e8s de moiti\u00e9 le risque de d\u00e9c\u00e8s pr\u00e9matur\u00e9, toutes causes confondues, compar\u00e9 au fait d&rsquo;en faire seulement 2.000.<\/p>\n<p>                                    <a class=\"fig-a11y-skip a11y-hidden\" href=\"#fig-a11y-skip-main-inarticle\"><br \/>\n        Passer la publicit\u00e9<br \/>\n    <\/a><\/p>\n<p>\u00abLes gains les plus importants se produisent d\u00e8s 7000 pas\u00bb<\/p>\n<p class=\"fig-paragraph\">L&rsquo;\u00e9tude s&rsquo;est \u00e9galement pench\u00e9e sur des probl\u00e8mes de sant\u00e9 que n&rsquo;avaient pas examin\u00e9e jusqu&rsquo;ici les recherches sur les b\u00e9n\u00e9fices de la marche. Marcher 7000 pas par jour ferait baisser de 38% le risque de d\u00e9mence, de 22% celui de\u00a0<a href=\"http:\/\/www.lefigaro.fr\/conjoncture\/comment-la-neurochirurgie-permet-de-traiter-la-depression-20241218\" target=\"_blank\" data-fig-type=\"Article\" rel=\"noopener nofollow\" data-gtm-custom-categorie=\"navigation\" data-gtm-custom-action=\"crossclick\" data-gtm-custom-label=\"Contextuel\" data-gtm-event=\"customEventSPE\" data-fig-domain=\"LEFIGARO\">d\u00e9pression\u00a0<\/a>et de 14% le risque de\u00a0<a href=\"http:\/\/www.lefigaro.fr\/flash-eco\/diabete-le-geant-pharmaceutique-roche-va-lancer-un-systeme-de-mesure-du-glucose-avec-ia-en-europe-20240709\" target=\"_blank\" data-fig-type=\"NewsFlash\" rel=\"noopener nofollow\" data-gtm-custom-categorie=\"navigation\" data-gtm-custom-action=\"crossclick\" data-gtm-custom-label=\"Contextuel\" data-gtm-event=\"customEventSPE\" data-fig-domain=\"LEFIGARO\">diab\u00e8te<\/a>. Cela r\u00e9duirait aussi le risque d&rsquo;avoir un cancer et de faire des chutes, selon l&rsquo;\u00e9tude, qui avertit que cette hypoth\u00e8se repose sur des preuves moins nombreuses.<\/p>\n<p class=\"fig-paragraph\">\u00abIl n&rsquo;est pas n\u00e9cessaire d&rsquo;atteindre 10.000 pas par jour pour avoir des b\u00e9n\u00e9fices majeurs pour sa sant\u00e9\u00bb, a r\u00e9sum\u00e9 aupr\u00e8s de l&rsquo;AFP Paddy Dempsey, co-auteur de l&rsquo;\u00e9tude et chercheur m\u00e9dical \u00e0 l&rsquo;Universit\u00e9 de Cambridge. \u00abLes gains les plus importants se produisent d\u00e8s 7000 pas, au-del\u00e0 ils tendent \u00e0 se stabiliser\u00bb, a-t-il ajout\u00e9. Si la vitesse de marche varie d&rsquo;une personne \u00e0 l&rsquo;autre, 7000 pas repr\u00e9sentent environ une heure de marche par jour.<\/p>\n<p class=\"fig-paragraph\">Pour le chercheur, ceux qui parviennent d\u00e9j\u00e0 \u00e0 faire 10.000 pas ou davantage au quotidien doivent pers\u00e9v\u00e9rer. \u00c0 l\u2019inverse, ceux qui jugent les 7000 pas difficiles \u00e0 atteindre, ne doivent \u00abpas se d\u00e9courager\u00bb. \u00abSi vous ne faites que 2.000 \u00e0 3.000 pas par jour, essayez d&rsquo;en ajouter 1.000: cela repr\u00e9sente seulement 10 \u00e0 15 minutes de marche l\u00e9g\u00e8re r\u00e9parties sur la journ\u00e9e\u00bb, a-t-il fait valoir. Pour lui, les messages de sant\u00e9 publique doivent cesser de viser la \u00abperfection\u00bb, et mettre l&rsquo;accent sur le fait que m\u00eame une petite augmentation de l&rsquo;activit\u00e9 physique peut faire une grande diff\u00e9rence.<\/p>\n","protected":false},"excerpt":{"rendered":"Par Le Figaro avec AFP Le 24 juillet 2025 \u00e0 10h11 Pour \u00e9tablir un objectif bas\u00e9 sur la&hellip;\n","protected":false},"author":2,"featured_media":270035,"comment_status":"","ping_status":"","sticky":false,"template":"","format":"standard","meta":{"footnotes":""},"categories":[10],"tags":[1011,27,72,2089,71],"class_list":{"0":"post-270034","1":"post","2":"type-post","3":"status-publish","4":"format-standard","5":"has-post-thumbnail","7":"category-sante","8":"tag-fr","9":"tag-france","10":"tag-health","11":"tag-marche","12":"tag-sante"},"share_on_mastodon":{"url":"https:\/\/pubeurope.com\/@fr\/114907290405348912","error":""},"_links":{"self":[{"href":"https:\/\/www.europesays.com\/fr\/wp-json\/wp\/v2\/posts\/270034","targetHints":{"allow":["GET"]}}],"collection":[{"href":"https:\/\/www.europesays.com\/fr\/wp-json\/wp\/v2\/posts"}],"about":[{"href":"https:\/\/www.europesays.com\/fr\/wp-json\/wp\/v2\/types\/post"}],"author":[{"embeddable":true,"href":"https:\/\/www.europesays.com\/fr\/wp-json\/wp\/v2\/users\/2"}],"replies":[{"embeddable":true,"href":"https:\/\/www.europesays.com\/fr\/wp-json\/wp\/v2\/comments?post=270034"}],"version-history":[{"count":0,"href":"https:\/\/www.europesays.com\/fr\/wp-json\/wp\/v2\/posts\/270034\/revisions"}],"wp:featuredmedia":[{"embeddable":true,"href":"https:\/\/www.europesays.com\/fr\/wp-json\/wp\/v2\/media\/270035"}],"wp:attachment":[{"href":"https:\/\/www.europesays.com\/fr\/wp-json\/wp\/v2\/media?parent=270034"}],"wp:term":[{"taxonomy":"category","embeddable":true,"href":"https:\/\/www.europesays.com\/fr\/wp-json\/wp\/v2\/categories?post=270034"},{"taxonomy":"post_tag","embeddable":true,"href":"https:\/\/www.europesays.com\/fr\/wp-json\/wp\/v2\/tags?post=270034"}],"curies":[{"name":"wp","href":"https:\/\/api.w.org\/{rel}","templated":true}]}}