{"id":270042,"date":"2025-07-24T08:37:12","date_gmt":"2025-07-24T08:37:12","guid":{"rendered":"https:\/\/www.europesays.com\/fr\/270042\/"},"modified":"2025-07-24T08:37:12","modified_gmt":"2025-07-24T08:37:12","slug":"la-baisse-des-prix-du-brut-et-du-gaz-fait-seffondrer-les-benefices-de-21","status":"publish","type":"post","link":"https:\/\/www.europesays.com\/fr\/270042\/","title":{"rendered":"la baisse des prix du brut et du gaz fait s\u2019effondrer les b\u00e9n\u00e9fices de 21%"},"content":{"rendered":"<p>Les ann\u00e9es fastes 2022\/2023 avec des r\u00e9sultats record port\u00e9s par l\u2019envol\u00e9e des cours des hydrocarbures sont d\u00e9sormais r\u00e9volues.<\/p>\n<p class=\"fig-paragraph\">C\u2019est peu dire que tous les trois mois, les r\u00e9sultats de<a href=\"https:\/\/www.lefigaro.fr\/tag\/totalenergies\" target=\"_blank\" rel=\"sponsored noopener\" data-gtm-custom-categorie=\"navigation\" data-gtm-custom-action=\"crossclick\" data-gtm-custom-label=\"Contextuel\" data-gtm-event=\"customEventSPE\">\u00a0TotalEnergies\u00a0<\/a>sont scrut\u00e9s. Entre les incertitudes g\u00e9opolitiques qui mena\u00e7ant tant\u00f4t la production de gaz ou de p\u00e9trole, tant\u00f4t leur transport, les d\u00e9cisions al\u00e9atoires de Donald Trump sur le commerce mondial, les majors anglo-saxons qui se d\u00e9sengagent les unes apr\u00e8s les autres des \u00e9nergies renouvelables, les sujets ne manquent pas. Sans parler de la promesse faite aux march\u00e9s financiers par Patrick Pouyann\u00e9, le PDG de TotalEnergies d\u2019une cotation \u00e0 New York en parall\u00e8le de celle de Paris.<\/p>\n<p class=\"fig-paragraph\">Au deuxi\u00e8me trimestre, les comptes de la compagnie publi\u00e9s ce jeudi matin refl\u00e8tent d\u2019abord l\u2019impact de la baisse des prix du brut et du gaz sur ses comptes. Les ann\u00e9es fastes 2022\/2023 avec des r\u00e9sultats record port\u00e9s par l\u2019envol\u00e9e des cours des hydrocarbures sont r\u00e9volues. TotalEnergies affiche un r\u00e9sultat trimestriel en baisse de 21% \u00e0 3,6 milliards de dollars (7,8 milliards pour les six premiers mois de l\u2019ann\u00e9e). Sa tr\u00e9sorerie disponible affiche un recul de 5% \u00e0 6,6 milliards de dollars, quand \u00ables prix du brut ont recul\u00e9 de 10%\u00bb, rappelle Patrick Pouyann\u00e9 le patron du groupe.<\/p>\n<p>                                    <a class=\"fig-a11y-skip a11y-hidden\" href=\"#fig-a11y-skip-main-inarticle\"><br \/>\n        Passer la publicit\u00e9<br \/>\n    <\/a><\/p>\n<p class=\"fig-paragraph\">Dans le d\u00e9tail, tous les m\u00e9tiers du groupe affichent un recul de leur r\u00e9sultat op\u00e9rationnel\u00a0: moins 15% pour la division exploration-production, moins 57% pour le raffinage-chimie, qui est l\u2019activit\u00e9 la plus touch\u00e9e et le plus sensible aux variations des cours. Les m\u00e9tiers du gaz naturel liqu\u00e9fi\u00e9 ne reculent que de 2% et les renouvelables (integrated power de 3%), comme une confirmation de la strat\u00e9gie de Patrick Pouyann\u00e9 qui veut faire de son groupe un acteur majeur du gaz et de l\u2019\u00e9lectricit\u00e9 renouvelable.<\/p>\n<p class=\"fig-paragraph\">Confiant dans sa capacit\u00e9 \u00e0 tenir ses objectifs, le groupe maintient la distribution d\u2019un deuxi\u00e8me acompte sur dividende de 0,85 euro, en hausse de pr\u00e8s de 7,6% sur un an et pr\u00e9voit d\u2019autoriser jusqu\u2019\u00e0 2 milliards de rachats d\u2019actions au troisi\u00e8me trimestre.<\/p>\n","protected":false},"excerpt":{"rendered":"Les ann\u00e9es fastes 2022\/2023 avec des r\u00e9sultats record port\u00e9s par l\u2019envol\u00e9e des cours des hydrocarbures sont d\u00e9sormais r\u00e9volues.&hellip;\n","protected":false},"author":2,"featured_media":270043,"comment_status":"","ping_status":"","sticky":false,"template":"","format":"standard","meta":{"footnotes":""},"categories":[6],"tags":[35,33,34,1011,27,33846],"class_list":{"0":"post-270042","1":"post","2":"type-post","3":"status-publish","4":"format-standard","5":"has-post-thumbnail","7":"category-economie","8":"tag-business","9":"tag-economie","10":"tag-economy","11":"tag-fr","12":"tag-france","13":"tag-totalenergies"},"share_on_mastodon":{"url":"https:\/\/pubeurope.com\/@fr\/114907305981283526","error":""},"_links":{"self":[{"href":"https:\/\/www.europesays.com\/fr\/wp-json\/wp\/v2\/posts\/270042","targetHints":{"allow":["GET"]}}],"collection":[{"href":"https:\/\/www.europesays.com\/fr\/wp-json\/wp\/v2\/posts"}],"about":[{"href":"https:\/\/www.europesays.com\/fr\/wp-json\/wp\/v2\/types\/post"}],"author":[{"embeddable":true,"href":"https:\/\/www.europesays.com\/fr\/wp-json\/wp\/v2\/users\/2"}],"replies":[{"embeddable":true,"href":"https:\/\/www.europesays.com\/fr\/wp-json\/wp\/v2\/comments?post=270042"}],"version-history":[{"count":0,"href":"https:\/\/www.europesays.com\/fr\/wp-json\/wp\/v2\/posts\/270042\/revisions"}],"wp:featuredmedia":[{"embeddable":true,"href":"https:\/\/www.europesays.com\/fr\/wp-json\/wp\/v2\/media\/270043"}],"wp:attachment":[{"href":"https:\/\/www.europesays.com\/fr\/wp-json\/wp\/v2\/media?parent=270042"}],"wp:term":[{"taxonomy":"category","embeddable":true,"href":"https:\/\/www.europesays.com\/fr\/wp-json\/wp\/v2\/categories?post=270042"},{"taxonomy":"post_tag","embeddable":true,"href":"https:\/\/www.europesays.com\/fr\/wp-json\/wp\/v2\/tags?post=270042"}],"curies":[{"name":"wp","href":"https:\/\/api.w.org\/{rel}","templated":true}]}}