{"id":270048,"date":"2025-07-24T08:40:11","date_gmt":"2025-07-24T08:40:11","guid":{"rendered":"https:\/\/www.europesays.com\/fr\/270048\/"},"modified":"2025-07-24T08:40:11","modified_gmt":"2025-07-24T08:40:11","slug":"une-enfant-de-12-ans-poignarde-sa-mere-a-la-gorge","status":"publish","type":"post","link":"https:\/\/www.europesays.com\/fr\/270048\/","title":{"rendered":"une enfant de 12 ans poignarde sa m\u00e8re \u00e0 la gorge"},"content":{"rendered":"<p>Un diff\u00e9rend aurait \u00e9clat\u00e9 dans la nuit du 21 au 22 juillet \u00e0 Montauban apr\u00e8s une discussion sur \u00abdes sujets d\u2019\u00e9ducation\u00bb. La victime est hors de danger.<\/p>\n<p class=\"fig-paragraph\">Une enfant de 12 ans a poignard\u00e9 sa m\u00e8re au niveau de la gorge, pr\u00e8s de la carotide, dans la nuit du 21 au 22 juillet vers 3 heures \u00e0\u00a0<a href=\"http:\/\/www.lefigaro.fr\/flash-actu\/montauban-deux-hommes-condamnes-a-la-prison-ferme-apres-la-mort-d-un-ex-militaire-20241210\" data-fig-type=\"NewsFlash\" data-gtm-custom-categorie=\"navigation\" data-gtm-custom-action=\"crossclick\" data-gtm-custom-label=\"Contextuel\" data-gtm-event=\"customEventSPE\" data-fig-domain=\"LEFIGARO\" target=\"_blank\" rel=\"noopener\">Montauban<\/a>\u00a0(Tarn-et-Garonne), a appris Le Figaro par le parquet local et une source polici\u00e8re. La m\u00e8re de famille, \u00e2g\u00e9e de 48 ans, a eu deux jours d\u2019ITT. Son pronostic vital n\u2019est pas engag\u00e9.<\/p>\n<p class=\"fig-paragraph\">\u00abLa victime expliquait qu\u2019apr\u00e8s avoir discut\u00e9 avec sa fille sur des sujets d\u2019\u00e9ducation, celle-ci lui avait port\u00e9 ce coup de couteau\u00bb, indique le procureur de la R\u00e9publique de Montauban, Bruno Sauvage, dans un communiqu\u00e9. La fillette aurait \u00e9t\u00e9 \u00abm\u00e9contente que sa m\u00e8re ne veuille pas dormir avec elle\u00bb, selon une source polici\u00e8re. Elle aurait dissimul\u00e9 le couteau dans sa manche puis port\u00e9 le coup par surprise.<\/p>\n<p>                                    <a class=\"fig-a11y-skip a11y-hidden\" href=\"#fig-a11y-skip-main-inarticle\"><br \/>\n        Passer la publicit\u00e9<br \/>\n    <\/a><\/p>\n<p>Le discernement \u00abacquis\u00bb<\/p>\n<p class=\"fig-paragraph\">La suspecte a \u00e9t\u00e9 interpell\u00e9e dans la rue une heure apr\u00e8s l\u2019agression. Trop jeune pour \u00eatre plac\u00e9e en garde \u00e0 vue, elle a \u00e9t\u00e9 entendue par la police sous retenue judiciaire. \u00abLa jeune fille reconnaissait les faits et faisait l\u2019objet d\u2019une expertise psychiatrique qui mentionnait que le discernement \u00e9tait acquis\u00bb, indique le parquet dans son communiqu\u00e9.<\/p>\n<p class=\"fig-paragraph\">\u00abLe parquet saisissait le juge d\u2019instruction aux fins d\u2019une ouverture d\u2019information judiciaire et de mise en examen des chefs de tentative d\u2019homicide sur ascendant avec des r\u00e9quisitions de mesure \u00e9ducative judiciaire provisoire ainsi qu\u2019une mesure de placement aupr\u00e8s du juge des enfants\u00bb, poursuit ce m\u00eame communiqu\u00e9.<\/p>\n","protected":false},"excerpt":{"rendered":"Un diff\u00e9rend aurait \u00e9clat\u00e9 dans la nuit du 21 au 22 juillet \u00e0 Montauban apr\u00e8s une discussion sur&hellip;\n","protected":false},"author":2,"featured_media":270049,"comment_status":"","ping_status":"","sticky":false,"template":"","format":"standard","meta":{"footnotes":""},"categories":[2],"tags":[11,1011,27,19054,12,36586,5118],"class_list":{"0":"post-270048","1":"post","2":"type-post","3":"status-publish","4":"format-standard","5":"has-post-thumbnail","7":"category-actualites","8":"tag-actualites","9":"tag-fr","10":"tag-france","11":"tag-montauban","12":"tag-news","13":"tag-tarn-et-garonne","14":"tag-tentative-de-meurtre"},"share_on_mastodon":{"url":"https:\/\/pubeurope.com\/@fr\/114907317722727844","error":""},"_links":{"self":[{"href":"https:\/\/www.europesays.com\/fr\/wp-json\/wp\/v2\/posts\/270048","targetHints":{"allow":["GET"]}}],"collection":[{"href":"https:\/\/www.europesays.com\/fr\/wp-json\/wp\/v2\/posts"}],"about":[{"href":"https:\/\/www.europesays.com\/fr\/wp-json\/wp\/v2\/types\/post"}],"author":[{"embeddable":true,"href":"https:\/\/www.europesays.com\/fr\/wp-json\/wp\/v2\/users\/2"}],"replies":[{"embeddable":true,"href":"https:\/\/www.europesays.com\/fr\/wp-json\/wp\/v2\/comments?post=270048"}],"version-history":[{"count":0,"href":"https:\/\/www.europesays.com\/fr\/wp-json\/wp\/v2\/posts\/270048\/revisions"}],"wp:featuredmedia":[{"embeddable":true,"href":"https:\/\/www.europesays.com\/fr\/wp-json\/wp\/v2\/media\/270049"}],"wp:attachment":[{"href":"https:\/\/www.europesays.com\/fr\/wp-json\/wp\/v2\/media?parent=270048"}],"wp:term":[{"taxonomy":"category","embeddable":true,"href":"https:\/\/www.europesays.com\/fr\/wp-json\/wp\/v2\/categories?post=270048"},{"taxonomy":"post_tag","embeddable":true,"href":"https:\/\/www.europesays.com\/fr\/wp-json\/wp\/v2\/tags?post=270048"}],"curies":[{"name":"wp","href":"https:\/\/api.w.org\/{rel}","templated":true}]}}