{"id":270050,"date":"2025-07-24T08:41:12","date_gmt":"2025-07-24T08:41:12","guid":{"rendered":"https:\/\/www.europesays.com\/fr\/270050\/"},"modified":"2025-07-24T08:41:12","modified_gmt":"2025-07-24T08:41:12","slug":"pas-de-tram-entre-carnot-et-peuple-jusquau-19-aout","status":"publish","type":"post","link":"https:\/\/www.europesays.com\/fr\/270050\/","title":{"rendered":"pas de tram entre Carnot et Peuple jusqu&rsquo;au 19 ao\u00fbt"},"content":{"rendered":"<p><img decoding=\"async\" class=\"\" style=\"width:100%\" src=\"https:\/\/www.europesays.com\/fr\/wp-content\/uploads\/2025\/07\/Carr__tram111675676461841.jpg\" alt=\"STAS\"\/><\/p>\n<p>STAS<\/p>\n<p>Cr\u00e9dit : Photo Activ Radio <\/p>\n<p>A partir du 24 juillet, des travaux vont commencer sur la plateforme de tramway entre les stations Peuple-Foy et Carnot. Cela va entrainer des modifications, notamment l&rsquo;arr\u00eat de la circulation des tramways sur cette portion du 4 au 19 ao\u00fbt &#8211; sous r\u00e9serve de l&rsquo;avancement des travaux.<\/p>\n<p>P\u00e9riode du 24 juillet au 19 ao\u00fbt<\/p>\n<p>Des bus de substitution avec comme arriv\u00e9e et d\u00e9part \u00ab\u00a0Cit\u00e9 du Design\u00a0\u00bb seront mis en place. La municipalit\u00e9 st\u00e9phanoise pr\u00e9vient que cela va engendrer la suppresion de stationnements au centre de la rue Borie et aux extr\u00e9mit\u00e9s des rues Clovis Hugues et Marengo.<\/p>\n<p>P\u00e9riode du 4 ao\u00fbt au 19 ao\u00fbt<\/p>\n<p>Le tram ne circuleront plus du tout entre Carnot et Peuple, la rue Honor\u00e9 d&rsquo;Urf\u00e9 sera mise en impasse depuis la rue Balay et pour les usagers autoris\u00e9s, la circulation sur la plateforme de tramway se fera en chicane entre ces deux points. La municipalit\u00e9 pr\u00e9cise \u00e9galement que pour la circulation pi\u00e9tonne et cycliste, rien ne change.<\/p>\n","protected":false},"excerpt":{"rendered":"STAS Cr\u00e9dit : Photo Activ Radio A partir du 24 juillet, des travaux vont commencer sur la plateforme&hellip;\n","protected":false},"author":2,"featured_media":270051,"comment_status":"","ping_status":"","sticky":false,"template":"","format":"standard","meta":{"footnotes":""},"categories":[9653],"tags":[1111,11,2430,3542,1777,674,1011,27,12,25,4001,24434,4109,2086],"class_list":{"0":"post-270050","1":"post","2":"type-post","3":"status-publish","4":"format-standard","5":"has-post-thumbnail","7":"category-saint-etienne","8":"tag-actu","9":"tag-actualites","10":"tag-auvergne-rhone-alpes","11":"tag-circulation","12":"tag-eu","13":"tag-europe","14":"tag-fr","15":"tag-france","16":"tag-news","17":"tag-republique-francaise","18":"tag-saint-etienne","19":"tag-stas","20":"tag-tramway","21":"tag-travaux"},"share_on_mastodon":{"url":"https:\/\/pubeurope.com\/@fr\/114907321663543554","error":""},"_links":{"self":[{"href":"https:\/\/www.europesays.com\/fr\/wp-json\/wp\/v2\/posts\/270050","targetHints":{"allow":["GET"]}}],"collection":[{"href":"https:\/\/www.europesays.com\/fr\/wp-json\/wp\/v2\/posts"}],"about":[{"href":"https:\/\/www.europesays.com\/fr\/wp-json\/wp\/v2\/types\/post"}],"author":[{"embeddable":true,"href":"https:\/\/www.europesays.com\/fr\/wp-json\/wp\/v2\/users\/2"}],"replies":[{"embeddable":true,"href":"https:\/\/www.europesays.com\/fr\/wp-json\/wp\/v2\/comments?post=270050"}],"version-history":[{"count":0,"href":"https:\/\/www.europesays.com\/fr\/wp-json\/wp\/v2\/posts\/270050\/revisions"}],"wp:featuredmedia":[{"embeddable":true,"href":"https:\/\/www.europesays.com\/fr\/wp-json\/wp\/v2\/media\/270051"}],"wp:attachment":[{"href":"https:\/\/www.europesays.com\/fr\/wp-json\/wp\/v2\/media?parent=270050"}],"wp:term":[{"taxonomy":"category","embeddable":true,"href":"https:\/\/www.europesays.com\/fr\/wp-json\/wp\/v2\/categories?post=270050"},{"taxonomy":"post_tag","embeddable":true,"href":"https:\/\/www.europesays.com\/fr\/wp-json\/wp\/v2\/tags?post=270050"}],"curies":[{"name":"wp","href":"https:\/\/api.w.org\/{rel}","templated":true}]}}