{"id":270056,"date":"2025-07-24T08:46:10","date_gmt":"2025-07-24T08:46:10","guid":{"rendered":"https:\/\/www.europesays.com\/fr\/270056\/"},"modified":"2025-07-24T08:46:10","modified_gmt":"2025-07-24T08:46:10","slug":"quel-est-ce-nouveau-porte-avion-qui-vient-darriver-dans-le-port-militaire-de-toulon-on-vous-dit-tout","status":"publish","type":"post","link":"https:\/\/www.europesays.com\/fr\/270056\/","title":{"rendered":"Quel est ce nouveau porte-avion qui vient d&rsquo;arriver dans le port militaire de Toulon? On vous dit tout"},"content":{"rendered":"<p>\u00c0 peine <a href=\"https:\/\/www.nicematin.com\/defense\/discours-d-emmanuel-macron-aux-armees-le-chef-de-l-etat-annonce-un-budget-de-la-defense-double-d-ici-2027-994148\" rel=\"nofollow noopener\" target=\"_blank\"><strong>Emmanuel Macron<\/strong> vient-il d\u2019annoncer \u00ab\u00a0un effort historique\u00a0\u00bb pour le budget de la D\u00e9fense<\/a> qu\u2019un porte-avions flambant neuf appara\u00eet dans la rade!<\/p>\n<p>Aucun rapport, en v\u00e9rit\u00e9: l\u2019imposant navire arriv\u00e9 hier dans le port militaire de <strong>Toulon<\/strong> n\u2019est autre que le Trieste, un b\u00e2timent de la Marine italienne en escale jusqu\u2019au 26 juillet. \u00ab\u00a0Il effectue l\u2019\u00e9quivalent de notre mission Jeanne d\u2019Arc, avec pour objectif de former des officiers \u00e9l\u00e8ves\u00a0\u00bb, indique la pr\u00e9fecture maritime.<\/p>\n<p>Et pour \u00eatre tout \u00e0 fait pr\u00e9cis, il s\u2019agit bien l\u00e0 d\u2019un porte-a\u00e9ronefs et non d\u2019un porte-avions. \u00c0 la diff\u00e9rence du Charles de Gaulle par exemple, le Trieste ne poss\u00e8de pas de catapultes. Il a en revanche la capacit\u00e9 de mettre en \u0153uvre des F-35B, avions \u00e0 d\u00e9collage court (et atterrissage vertical), au moyen d\u2019un tremplin situ\u00e9 sur l\u2019avant du pont d\u2019envol.<\/p>\n<p>Le bateau, en service depuis seulement six mois, peut aussi projeter des drones ou des h\u00e9licopt\u00e8res, et accueillir des chalands de d\u00e9barquement en mesure de transporter les chars italiens Ariete.<\/p>\n<p>Long de 245 m\u00e8tres, le Trieste est le plus grand navire de la Marina Militare. Pour l\u2019instant, du moins. En effet, dans un entretien publi\u00e9 par le Corriere Della Sera, le 8 juin dernier, le chef d\u2019\u00e9tat-major de la Marine italienne a d\u00e9clar\u00e9 qu\u2019un projet de porte-avions \u00e0 propulsion nucl\u00e9aire \u00e9tait dans les cartons.\u00a0<\/p>\n","protected":false},"excerpt":{"rendered":"\u00c0 peine Emmanuel Macron vient-il d\u2019annoncer \u00ab\u00a0un effort historique\u00a0\u00bb pour le budget de la D\u00e9fense qu\u2019un porte-avions flambant&hellip;\n","protected":false},"author":2,"featured_media":270057,"comment_status":"","ping_status":"","sticky":false,"template":"","format":"standard","meta":{"footnotes":""},"categories":[9619],"tags":[1111,11,1777,674,1011,27,12,882,25,2310,3366],"class_list":{"0":"post-270056","1":"post","2":"type-post","3":"status-publish","4":"format-standard","5":"has-post-thumbnail","7":"category-toulon","8":"tag-actu","9":"tag-actualites","10":"tag-eu","11":"tag-europe","12":"tag-fr","13":"tag-france","14":"tag-news","15":"tag-provence-alpes-cote-dazur","16":"tag-republique-francaise","17":"tag-toulon","18":"tag-vie-locale"},"share_on_mastodon":{"url":"https:\/\/pubeurope.com\/@fr\/114907341341386578","error":""},"_links":{"self":[{"href":"https:\/\/www.europesays.com\/fr\/wp-json\/wp\/v2\/posts\/270056","targetHints":{"allow":["GET"]}}],"collection":[{"href":"https:\/\/www.europesays.com\/fr\/wp-json\/wp\/v2\/posts"}],"about":[{"href":"https:\/\/www.europesays.com\/fr\/wp-json\/wp\/v2\/types\/post"}],"author":[{"embeddable":true,"href":"https:\/\/www.europesays.com\/fr\/wp-json\/wp\/v2\/users\/2"}],"replies":[{"embeddable":true,"href":"https:\/\/www.europesays.com\/fr\/wp-json\/wp\/v2\/comments?post=270056"}],"version-history":[{"count":0,"href":"https:\/\/www.europesays.com\/fr\/wp-json\/wp\/v2\/posts\/270056\/revisions"}],"wp:featuredmedia":[{"embeddable":true,"href":"https:\/\/www.europesays.com\/fr\/wp-json\/wp\/v2\/media\/270057"}],"wp:attachment":[{"href":"https:\/\/www.europesays.com\/fr\/wp-json\/wp\/v2\/media?parent=270056"}],"wp:term":[{"taxonomy":"category","embeddable":true,"href":"https:\/\/www.europesays.com\/fr\/wp-json\/wp\/v2\/categories?post=270056"},{"taxonomy":"post_tag","embeddable":true,"href":"https:\/\/www.europesays.com\/fr\/wp-json\/wp\/v2\/tags?post=270056"}],"curies":[{"name":"wp","href":"https:\/\/api.w.org\/{rel}","templated":true}]}}