{"id":270058,"date":"2025-07-24T08:47:20","date_gmt":"2025-07-24T08:47:20","guid":{"rendered":"https:\/\/www.europesays.com\/fr\/270058\/"},"modified":"2025-07-24T08:47:20","modified_gmt":"2025-07-24T08:47:20","slug":"quiz-testez-votre-culture-generale-et-gagnez-des-cadeaux","status":"publish","type":"post","link":"https:\/\/www.europesays.com\/fr\/270058\/","title":{"rendered":"Quiz. Testez votre culture g\u00e9n\u00e9rale et gagnez des cadeaux"},"content":{"rendered":"<tr wp_automatic_readability=\"1.936170212766\">\n<td valign=\"middle\" align=\"center\" class=\"col-logo\">\n    <img decoding=\"async\" src=\"https:\/\/www.europesays.com\/fr\/wp-content\/uploads\/2025\/05\/ouest-france.gif\" alt=\"logo Ouest-France\" height=\"66\"\/><\/p>\n<\/td>\n<td class=\"col-titre\">\n\t\t\tMercredi 23 juillet 2025 20:50<br \/>\n\t\t\t<a class=\"icon-bulle sizeL count\" href=\"#ancreAvis\"><br \/>\n\t&#8230;<br \/>\n<\/a><\/td>\n<\/tr>\n<p>\t\t<a class=\"mavillebox2 elmt-photo\" href=\"https:\/\/maville.com\/photosmvi\/2025\/07\/23\/P35371453D6911377G.jpg\" title=\" \u00c0 vous de jouer\u00a0!  \u00a9  Photo\u00a0: Ouest-France  &lt;!--TAG-BLC credit--&gt;\" rel=\"galerie_actu noopener\" target=\"_blank\"><br \/>\n\t<img decoding=\"async\" src=\"https:\/\/www.europesays.com\/fr\/wp-content\/uploads\/2025\/07\/P35371453D6911377G_crop_640-330_.jpg\" alt=\"photo  \u00e0 vous de jouer\u00a0!  \u00a9  photo\u00a0: ouest-france \"\/><br \/>\n\t1<br \/>\n<\/a><\/p>\n<p class=\"elmt-legende\"> \u00c0 vous de jouer\u00a0!  \u00a9  Photo\u00a0: Ouest-France  <\/p>\n<p>\t\tJusqu\u2019au 11\u00a0ao\u00fbt, participez \u00e0 notre grand quiz estival de culture g\u00e9n\u00e9rale et gagnez de nombreux lots\u00a0! Aujourd\u2019hui, tentez de remporter un exemplaire du livre Mathurin M\u00e9heut &#8211; La mer et les marins, un abonnement d\u2019un an \u00e0 l\u2019un de nos magazines num\u00e9riques ou encore un exemplaire de notre hors-s\u00e9rie Terre de jardins Sp\u00e9cial Jeux. \u00c0 vous de jouer\u00a0!<\/p>\n<p>\t\tOuest-France\u00a0\u00a0<\/p>\n<p>\t\t&#13;<\/p>\n","protected":false},"excerpt":{"rendered":"Mercredi 23 juillet 2025 20:50 &#8230; 1 \u00c0 vous de jouer\u00a0! \u00a9 Photo\u00a0: Ouest-France Jusqu\u2019au 11\u00a0ao\u00fbt, participez \u00e0&hellip;\n","protected":false},"author":2,"featured_media":270059,"comment_status":"","ping_status":"","sticky":false,"template":"","format":"standard","meta":{"footnotes":""},"categories":[9619],"tags":[1111,11,18807,251,1777,674,1011,27,19905,14293,12,882,7767,25,17240,2310],"class_list":{"0":"post-270058","1":"post","2":"type-post","3":"status-publish","4":"format-standard","5":"has-post-thumbnail","7":"category-toulon","8":"tag-actu","9":"tag-actualites","10":"tag-cadeaux","11":"tag-culture","12":"tag-eu","13":"tag-europe","14":"tag-fr","15":"tag-france","16":"tag-gagnez","17":"tag-generale","18":"tag-news","19":"tag-provence-alpes-cote-dazur","20":"tag-quiz","21":"tag-republique-francaise","22":"tag-testez","23":"tag-toulon"},"share_on_mastodon":{"url":"https:\/\/pubeurope.com\/@fr\/114907345346226454","error":""},"_links":{"self":[{"href":"https:\/\/www.europesays.com\/fr\/wp-json\/wp\/v2\/posts\/270058","targetHints":{"allow":["GET"]}}],"collection":[{"href":"https:\/\/www.europesays.com\/fr\/wp-json\/wp\/v2\/posts"}],"about":[{"href":"https:\/\/www.europesays.com\/fr\/wp-json\/wp\/v2\/types\/post"}],"author":[{"embeddable":true,"href":"https:\/\/www.europesays.com\/fr\/wp-json\/wp\/v2\/users\/2"}],"replies":[{"embeddable":true,"href":"https:\/\/www.europesays.com\/fr\/wp-json\/wp\/v2\/comments?post=270058"}],"version-history":[{"count":0,"href":"https:\/\/www.europesays.com\/fr\/wp-json\/wp\/v2\/posts\/270058\/revisions"}],"wp:featuredmedia":[{"embeddable":true,"href":"https:\/\/www.europesays.com\/fr\/wp-json\/wp\/v2\/media\/270059"}],"wp:attachment":[{"href":"https:\/\/www.europesays.com\/fr\/wp-json\/wp\/v2\/media?parent=270058"}],"wp:term":[{"taxonomy":"category","embeddable":true,"href":"https:\/\/www.europesays.com\/fr\/wp-json\/wp\/v2\/categories?post=270058"},{"taxonomy":"post_tag","embeddable":true,"href":"https:\/\/www.europesays.com\/fr\/wp-json\/wp\/v2\/tags?post=270058"}],"curies":[{"name":"wp","href":"https:\/\/api.w.org\/{rel}","templated":true}]}}