{"id":270060,"date":"2025-07-24T08:48:11","date_gmt":"2025-07-24T08:48:11","guid":{"rendered":"https:\/\/www.europesays.com\/fr\/270060\/"},"modified":"2025-07-24T08:48:11","modified_gmt":"2025-07-24T08:48:11","slug":"cambriolee-trois-fois-en-un-mois-une-septuagenaire-se-defend-a-coups-de-tisonnier","status":"publish","type":"post","link":"https:\/\/www.europesays.com\/fr\/270060\/","title":{"rendered":"cambriol\u00e9e trois fois en un mois, une septuag\u00e9naire se d\u00e9fend \u00e0 coups de tisonnier"},"content":{"rendered":"<p>            Par<br \/>\n        <strong><br \/>\n            <a href=\"https:\/\/actu.fr\/auteur\/jm-aubert\" title=\"Consulter tous les articles de Jean-Marc Aubert\" rel=\"nofollow noopener\" target=\"_blank\">Jean-Marc Aubert<\/a><br \/>\n        <\/strong><\/p>\n<p>        Publi\u00e9 le<\/p>\n<p>            24 juil. 2025 \u00e0 10h27        <\/p>\n<p>Ses voisins et ses amis la surnomment <strong>\u00ab\u00a0mamie courage\u00a0\u00bb<\/strong>, d\u2019abord parce qu\u2019elle a <strong>mis en fuite trois cambrioleurs en un mois<\/strong> et ensuite parce qu\u2019elle traverse une \u00e9preuve difficile en raison d\u2019un cancer : une septuag\u00e9naire qui r\u00e9side aux <strong>Hauts de Massane<\/strong>, dans le quartier de la <strong>Mosson<\/strong>, \u00e0 <strong>Montpellier,<\/strong> a \u00e9t\u00e9 cambriol\u00e9e trois fois en un mois et les intrus qui op\u00e9raient \u00e0 visage d\u00e9couvert sont repartis bredouilles.<\/p>\n<p>    <a href=\"https:\/\/www.google.com\/maps\/embed?pb=!1m18!1m12!1m3!1d3137.900635048106!2d3.8154549371042243!3d43.63864358104211!2m3!1f0!2f0!3f0!3m2!1i1024!2i768!4f13.1!3m3!1m2!1s0x12b6ac1b869d9ee7%3A0xe9dbdd98834fdcec!2sAv.%20Guilhem%20de%20Poitiers%2C%2034080%20Montpellier!5e0!3m2!1sfr!2sfr!4v1753342097715!5m2!1sfr!2sfr\" title=\"Ouvrie le lien\" rel=\"nofollow noopener\" target=\"_blank\">Cliquez ici pour visualiser le contenu<\/a><\/p>\n<p class=\" wall-content\">Cette retrait\u00e9e r\u00e9side dans un pavillon sur l\u2019<strong>avenue Guilhem de Poitiers<\/strong>, entre l\u2019avenue de l\u2019Europe et le lac des Garrigues, o\u00f9 le sentiment d\u2019ins\u00e9curit\u00e9 est en hausse face aux nombreux actes de d\u00e9linquance, de l\u2019aveu de riverains qui se sont confi\u00e9s \u00e0 <strong>M\u00e9tropolitain<\/strong>.\u00a0<\/p>\n<p class=\" wall-content\">En un mois, \u00e0 deux reprises en plein jour et une autre fois dans la nuit, la villa de la septuag\u00e9naire qui vit seule a \u00e9t\u00e9 vis\u00e9e par des individus solitaires, dont le m\u00eame \u00e0 deux reprises. \u00c0 chaque fois, la propri\u00e9taire \u00e9tait pr\u00e9sente quand elle a entendu des bruits suspects : elle a alors surpris des inconnus en train de fouiller les penderies, les tiroirs\u2026 laiss\u00e9s en d\u00e9sordre, comme ce fut le cas \u00e0 trois reprises depuis le d\u00e9but de ce mois de juillet.<\/p>\n<p>Porte de la chambre bloqu\u00e9e<\/p>\n<p class=\" wall-content\">L\u2019un d\u2019eux, qui op\u00e9rait en plein jour, apr\u00e8s s\u2019\u00eatre introduit par effraction, avait plac\u00e9 un obstacle derri\u00e8re la porte de la chambre de la septuag\u00e9naire. Il a fallu qu\u2019elle la force de tout son poids pour pouvoir finalement l\u2019ouvrir et tomber sur cet intrus. <strong>Arm\u00e9e d\u2019un tisonnier<\/strong> pour se d\u00e9fendre, un accessoire lourd et tranchant servant \u00e0 allumer un feu dans la chemin\u00e9e, elle en a port\u00e9 plusieurs coups au suspect, qui a r\u00e9ussi \u00e0 s\u2019\u00e9chapper, quittant les lieux \u00e0 pied, indemne.<\/p>\n<p class=\" wall-content\">La victime a pu donner un signalement pr\u00e9cis des auteurs qui sont tous repartis bredouilles, et pour cause : elle ne garde ni argent, ni bijoux, ni objets de valeur faciles \u00e0 emporter chez elle, depuis un important vol commis il y a une dizaine d\u2019ann\u00e9es. Selon nos informations, ces cambrioleurs en qu\u00eate d\u2019euros et de bijoux pourraient \u00eatre des toxicomanes addicts du quartier pour pouvoir se payer leur dose quotidienne.<\/p>\n<p>Alarme et cam\u00e9ra<\/p>\n<p class=\" wall-content\">Apr\u00e8s la r\u00e9cente intrusion, la septuag\u00e9naire a re\u00e7u la visite d\u2019un technicien du service de l\u2019Identit\u00e9 judiciaire du commissariat central pour des pr\u00e9l\u00e8vements de traces ADN, papillaires et autres indices utilis\u00e9s pour les besoins de l\u2019enqu\u00eate, qui est en cours au <strong>Service local de police judiciaire<\/strong>, le Slpj.<\/p>\n<p class=\" wall-content\">Pour cette \u00ab\u00a0mamie courage\u00a0\u00bb, trop, c\u2019est trop : elle a fait appel \u00e0 une soci\u00e9t\u00e9 priv\u00e9e pour installer un dispositif de pr\u00e9vention contre les intrusions, op\u00e9rationnel 24 sur 24h. Depuis ce mercredi, en effet, une alarme et une cam\u00e9ra \u00e9quipent sa villa des Hauts de Massane, un quartier visiblement \u00ab pas tr\u00e8s verisure \u00bb !<\/p>\n<p class=\" wall-content\">Suivez toute l\u2019actualit\u00e9 de vos villes et m\u00e9dias favoris en vous inscrivant \u00e0 <a href=\"https:\/\/moncompte.actu.fr\" title=\"D\u00e9couvez Mon Actu\" rel=\"nofollow noopener\" data-trk=\"{&quot;cta&quot;:{&quot;action&quot;:&quot;https:\\\/\\\/moncompte.actu.fr&quot;,&quot;category&quot;:&quot;mon compte&quot;,&quot;from&quot;:&quot;article footer&quot;,&quot;name&quot;:&quot;Mon actu&quot;,&quot;type&quot;:&quot;cta&quot;}}\" target=\"_blank\">Mon Actu<\/a>.<\/p>\n","protected":false},"excerpt":{"rendered":"Par Jean-Marc Aubert Publi\u00e9 le 24 juil. 2025 \u00e0 10h27 Ses voisins et ses amis la surnomment \u00ab\u00a0mamie&hellip;\n","protected":false},"author":2,"featured_media":270061,"comment_status":"","ping_status":"","sticky":false,"template":"","format":"standard","meta":{"footnotes":""},"categories":[9599],"tags":[1111,11,1174,1777,674,118,1011,27,2208,12,2680,1072,25],"class_list":{"0":"post-270060","1":"post","2":"type-post","3":"status-publish","4":"format-standard","5":"has-post-thumbnail","7":"category-montpellier","8":"tag-actu","9":"tag-actualites","10":"tag-cambriolage","11":"tag-eu","12":"tag-europe","13":"tag-faits-divers","14":"tag-fr","15":"tag-france","16":"tag-montpellier","17":"tag-news","18":"tag-occitanie","19":"tag-police","20":"tag-republique-francaise"},"share_on_mastodon":{"url":"https:\/\/pubeurope.com\/@fr\/114907349240222868","error":""},"_links":{"self":[{"href":"https:\/\/www.europesays.com\/fr\/wp-json\/wp\/v2\/posts\/270060","targetHints":{"allow":["GET"]}}],"collection":[{"href":"https:\/\/www.europesays.com\/fr\/wp-json\/wp\/v2\/posts"}],"about":[{"href":"https:\/\/www.europesays.com\/fr\/wp-json\/wp\/v2\/types\/post"}],"author":[{"embeddable":true,"href":"https:\/\/www.europesays.com\/fr\/wp-json\/wp\/v2\/users\/2"}],"replies":[{"embeddable":true,"href":"https:\/\/www.europesays.com\/fr\/wp-json\/wp\/v2\/comments?post=270060"}],"version-history":[{"count":0,"href":"https:\/\/www.europesays.com\/fr\/wp-json\/wp\/v2\/posts\/270060\/revisions"}],"wp:featuredmedia":[{"embeddable":true,"href":"https:\/\/www.europesays.com\/fr\/wp-json\/wp\/v2\/media\/270061"}],"wp:attachment":[{"href":"https:\/\/www.europesays.com\/fr\/wp-json\/wp\/v2\/media?parent=270060"}],"wp:term":[{"taxonomy":"category","embeddable":true,"href":"https:\/\/www.europesays.com\/fr\/wp-json\/wp\/v2\/categories?post=270060"},{"taxonomy":"post_tag","embeddable":true,"href":"https:\/\/www.europesays.com\/fr\/wp-json\/wp\/v2\/tags?post=270060"}],"curies":[{"name":"wp","href":"https:\/\/api.w.org\/{rel}","templated":true}]}}