{"id":270066,"date":"2025-07-24T08:52:09","date_gmt":"2025-07-24T08:52:09","guid":{"rendered":"https:\/\/www.europesays.com\/fr\/270066\/"},"modified":"2025-07-24T08:52:09","modified_gmt":"2025-07-24T08:52:09","slug":"isere-un-randonneur-victime-dune-chute-mortelle-dans-le-vercors","status":"publish","type":"post","link":"https:\/\/www.europesays.com\/fr\/270066\/","title":{"rendered":"Is\u00e8re : un randonneur victime d&rsquo;une chute mortelle dans le Vercors"},"content":{"rendered":"<p>Un homme qui randonnait avec sa femme sur les hauteurs de Villars-de-Lans, dans le Vercors, a fait une chute mortelle ce mercredi 23 juillet.<\/p>\n<p>Une randonn\u00e9e a vir\u00e9 au drame ce mercredi dans le massif du Vercors.\u00a0<br \/>Un homme de 60 ans, parti se promener avec sa femme sur les hauteurs de <b>Villars-de-Lans<\/b>, a fait une <b>chute de 60 m\u00e8tres<\/b> dans un secteur tr\u00e8s escarp\u00e9.<\/p>\n<p>D&rsquo;apr\u00e8s <a class=\"url\" href=\"https:\/\/c.ledauphine.com\/faits-divers-justice\/2025\/07\/23\/villard-de-lans-un-randonneur-decede-en-faisant-une-chute-de-plus-de-60-metres\" target=\"_blank\" rel=\"noopener\">Le Dauphin\u00e9 Lib\u00e9r\u00e9<\/a>, les secouristes du <b>PGHM <\/b>(peloton de gendarmerie de haute montagne) sont intervenus, mais n&rsquo;ont pu que constater le <b>d\u00e9c\u00e8s <\/b>de la victime.<\/p>\n<p><\/p>\n","protected":false},"excerpt":{"rendered":"Un homme qui randonnait avec sa femme sur les hauteurs de Villars-de-Lans, dans le Vercors, a fait une&hellip;\n","protected":false},"author":2,"featured_media":270067,"comment_status":"","ping_status":"","sticky":false,"template":"","format":"standard","meta":{"footnotes":""},"categories":[9566],"tags":[1111,11,2430,837,24563,1777,674,1011,27,2731,15583,9900,12,40936,40935,40934,25,40932,40933],"class_list":{"0":"post-270066","1":"post","2":"type-post","3":"status-publish","4":"format-standard","5":"has-post-thumbnail","7":"category-grenoble","8":"tag-actu","9":"tag-actualites","10":"tag-auvergne-rhone-alpes","11":"tag-chute","12":"tag-dcs","13":"tag-eu","14":"tag-europe","15":"tag-fr","16":"tag-france","17":"tag-grenoble","18":"tag-isre","19":"tag-mortelle","20":"tag-news","21":"tag-pghm","22":"tag-randonne","23":"tag-randonneur","24":"tag-republique-francaise","25":"tag-vercors","26":"tag-villars-de-lans"},"share_on_mastodon":{"url":"https:\/\/pubeurope.com\/@fr\/114907364967343369","error":""},"_links":{"self":[{"href":"https:\/\/www.europesays.com\/fr\/wp-json\/wp\/v2\/posts\/270066","targetHints":{"allow":["GET"]}}],"collection":[{"href":"https:\/\/www.europesays.com\/fr\/wp-json\/wp\/v2\/posts"}],"about":[{"href":"https:\/\/www.europesays.com\/fr\/wp-json\/wp\/v2\/types\/post"}],"author":[{"embeddable":true,"href":"https:\/\/www.europesays.com\/fr\/wp-json\/wp\/v2\/users\/2"}],"replies":[{"embeddable":true,"href":"https:\/\/www.europesays.com\/fr\/wp-json\/wp\/v2\/comments?post=270066"}],"version-history":[{"count":0,"href":"https:\/\/www.europesays.com\/fr\/wp-json\/wp\/v2\/posts\/270066\/revisions"}],"wp:featuredmedia":[{"embeddable":true,"href":"https:\/\/www.europesays.com\/fr\/wp-json\/wp\/v2\/media\/270067"}],"wp:attachment":[{"href":"https:\/\/www.europesays.com\/fr\/wp-json\/wp\/v2\/media?parent=270066"}],"wp:term":[{"taxonomy":"category","embeddable":true,"href":"https:\/\/www.europesays.com\/fr\/wp-json\/wp\/v2\/categories?post=270066"},{"taxonomy":"post_tag","embeddable":true,"href":"https:\/\/www.europesays.com\/fr\/wp-json\/wp\/v2\/tags?post=270066"}],"curies":[{"name":"wp","href":"https:\/\/api.w.org\/{rel}","templated":true}]}}