{"id":270072,"date":"2025-07-24T08:56:11","date_gmt":"2025-07-24T08:56:11","guid":{"rendered":"https:\/\/www.europesays.com\/fr\/270072\/"},"modified":"2025-07-24T08:56:11","modified_gmt":"2025-07-24T08:56:11","slug":"pays-de-montmedy-la-tournee-estivale-de-la-troupe-les-ombres-des-soirs","status":"publish","type":"post","link":"https:\/\/www.europesays.com\/fr\/270072\/","title":{"rendered":"Pays de Montm\u00e9dy. La tourn\u00e9e estivale de la troupe Les Ombres des Soirs"},"content":{"rendered":"<p>La troupe Les Ombres des Soirs est de retour au Pays de Montm\u00e9dy du 26\u00a0juillet au 4\u00a0ao\u00fbt. Une tourn\u00e9e d\u2019\u00e9t\u00e9 qui fait suite \u00e0 leur venue au d\u00e9but du mois de juin.<\/p>\n<p>La compagnie avait profit\u00e9 de ce moment pour aller \u00e0 la rencontre des publics scolaires \u00e0 Montm\u00e9dy, Juvigny-sur-Loison et Marville, mais aussi aupr\u00e8s des jeunes du Centre Wilson ou des r\u00e9sidents de la Maison Perce-Neige.<\/p>\n<p>Un succ\u00e8s avec pr\u00e8s de 500 spectateurs de tous \u00e2ges qui ont applaudi les deux spectacles propos\u00e9s alors. Les com\u00e9diennes et com\u00e9diens avaient \u00e9galement pu r\u00e9p\u00e9ter et perfectionner leurs spectacles de l\u2019\u00e9t\u00e9, gr\u00e2ce \u00e0 la Codecom et aux communes de Thonne-la-Long et Vill\u00e9cloye qui avaient mis des lieux \u00e0 disposition.<\/p>\n<p>Et voici que s\u2019annonce donc le 4e\u00a0 Festival de th\u00e9\u00e2tre itin\u00e9rant dans le Pays de Montm\u00e9dy. Les habitants vont pouvoir profiter de onze repr\u00e9sentations dans onze communes diff\u00e9rentes.<\/p>\n<p>  Quatre pi\u00e8ces diff\u00e9rentes<\/p>\n<p>La compagnie jouera 4 pi\u00e8ces diff\u00e9rentes\u00a0: Angelo, tyran de Padoue , une reprise suite au succ\u00e8s de l\u2019ann\u00e9e derni\u00e8re\u00a0; La Cantatrice Chauve , un spectacle in\u00e9dit sur le territoire\u00a0; Cendrillon  dans une nouvelle version et mise en sc\u00e8ne\u00a0; et PSG 4EVER un spectacle in\u00e9dit avec une date unique.<\/p>\n<p class=\"note\">Tous les d\u00e9tails des spectacles sur \u00ab\u00a0www.lesombresdessoirs.fr\u00a0\u00bb.<\/p>\n<p>  Un avant-go\u00fbt du programme\u2026<\/p>\n<p>Le festival d\u00e9butera \u00e0 Jametz, samedi 26\u00a0juillet \u00e0 15\u00a0h avec la pi\u00e8ce\u00a0 La Cantatrice chauve qui sera jou\u00e9e \u00e0 la salle des f\u00eates, pr\u00e8s de la mairie. A 20\u00a0h, le rendez-vous est donn\u00e9 \u00e0 Chauvency-le-Ch\u00e2teau dans le parc Saint-Amand pr\u00e8s de la mairie pour Angelo, tyran de Padoue.<\/p>\n<p>Dimanche 27\u00a0juillet, deux repr\u00e9sentations \u00e9galement\u00a0: Cendrillon \u00e0 Vill\u00e9cloye sur le site de Sainte-Ernelle \u00e0 15\u00a0h et Angelo, tyran de Padoue \u00e0 la Ferme de Laval \u00e0 Velosnes \u00e0 20\u00a0h.<\/p>\n<p>Jeudi 31\u00a0juillet, c\u2019est \u00e0 Louppy-sur-Loison \u00e0 20\u00a0h que sera jou\u00e9 PSG 4EVER en lieu et place de la collaboration pr\u00e9vue initialement avec l\u2019artiste Carole Nieder qui ne pourra finalement pas avoir lieu. Les villages de Thonne-la-Long, Remoiville, Ir\u00e9-le-Sec, Han-l\u00e8s-Juvigny, Flassigny et Quincy-Landz\u00e9court accueilleront \u00e9galement une repr\u00e9sentation les jours suivants.<\/p>\n<p class=\"note\">R\u00e9servation \u00ab\u00a0www.lesombresdessoirs.fr\u00a0\u00bb ou par SMS au 06\u00a065\u00a021\u00a079\u00a012 (en pr\u00e9cisant nom, spectacle, date et nombre de places).<\/p>\n","protected":false},"excerpt":{"rendered":"La troupe Les Ombres des Soirs est de retour au Pays de Montm\u00e9dy du 26\u00a0juillet au 4\u00a0ao\u00fbt. Une&hellip;\n","protected":false},"author":2,"featured_media":270073,"comment_status":"","ping_status":"","sticky":false,"template":"","format":"standard","meta":{"footnotes":""},"categories":[2820],"tags":[1111,11,23349,1687,10174,1777,674,1011,27,775,23348,12,25,3140,640],"class_list":{"0":"post-270072","1":"post","2":"type-post","3":"status-publish","4":"format-standard","5":"has-post-thumbnail","7":"category-strasbourg","8":"tag-actu","9":"tag-actualites","10":"tag-cc-du-pays-de-montmedy-55a","11":"tag-culture-loisirs","12":"tag-edition-verdun","13":"tag-eu","14":"tag-europe","15":"tag-fr","16":"tag-france","17":"tag-grand-est","18":"tag-montmedy","19":"tag-news","20":"tag-republique-francaise","21":"tag-spectacle","22":"tag-strasbourg"},"share_on_mastodon":{"url":"https:\/\/pubeurope.com\/@fr\/114907380690142572","error":""},"_links":{"self":[{"href":"https:\/\/www.europesays.com\/fr\/wp-json\/wp\/v2\/posts\/270072","targetHints":{"allow":["GET"]}}],"collection":[{"href":"https:\/\/www.europesays.com\/fr\/wp-json\/wp\/v2\/posts"}],"about":[{"href":"https:\/\/www.europesays.com\/fr\/wp-json\/wp\/v2\/types\/post"}],"author":[{"embeddable":true,"href":"https:\/\/www.europesays.com\/fr\/wp-json\/wp\/v2\/users\/2"}],"replies":[{"embeddable":true,"href":"https:\/\/www.europesays.com\/fr\/wp-json\/wp\/v2\/comments?post=270072"}],"version-history":[{"count":0,"href":"https:\/\/www.europesays.com\/fr\/wp-json\/wp\/v2\/posts\/270072\/revisions"}],"wp:featuredmedia":[{"embeddable":true,"href":"https:\/\/www.europesays.com\/fr\/wp-json\/wp\/v2\/media\/270073"}],"wp:attachment":[{"href":"https:\/\/www.europesays.com\/fr\/wp-json\/wp\/v2\/media?parent=270072"}],"wp:term":[{"taxonomy":"category","embeddable":true,"href":"https:\/\/www.europesays.com\/fr\/wp-json\/wp\/v2\/categories?post=270072"},{"taxonomy":"post_tag","embeddable":true,"href":"https:\/\/www.europesays.com\/fr\/wp-json\/wp\/v2\/tags?post=270072"}],"curies":[{"name":"wp","href":"https:\/\/api.w.org\/{rel}","templated":true}]}}