{"id":270079,"date":"2025-07-24T09:00:16","date_gmt":"2025-07-24T09:00:16","guid":{"rendered":"https:\/\/www.europesays.com\/fr\/270079\/"},"modified":"2025-07-24T09:00:16","modified_gmt":"2025-07-24T09:00:16","slug":"nantes-accueille-un-evenement-politique-et-festif","status":"publish","type":"post","link":"https:\/\/www.europesays.com\/fr\/270079\/","title":{"rendered":"Nantes accueille un \u00e9v\u00e9nement politique et festif"},"content":{"rendered":"<p>            Par<br \/>\n        <strong><br \/>\n            <a href=\"https:\/\/actu.fr\/auteur\/emma-derome\" title=\"Consulter tous les articles de Emma Derome\" target=\"_blank\" rel=\"noopener\">Emma Derome<\/a><br \/>\n        <\/strong><\/p>\n<p>        Publi\u00e9 le<\/p>\n<p>            24 juil. 2025 \u00e0 10h45        <\/p>\n<p>Crues et <a href=\"https:\/\/actu.fr\/tag\/inondations\" target=\"_blank\" rel=\"noopener\">inondations<\/a> d\u00e9vastatrices, <a href=\"https:\/\/actu.fr\/societe\/avec-un-deficit-hydrique-de-35-un-departement-breton-place-en-alerte-secheresse_62920760.html\" target=\"_blank\" rel=\"noopener\">s\u00e9cheresses<\/a> et <a href=\"https:\/\/actu.fr\/societe\/face-aux-feux-de-foret-des-pompiers-de-loire-atlantique-appeles-en-renfort-dans-le-sud_62916314.html\" target=\"_blank\" rel=\"noopener\">feux de for\u00eat<\/a>\u2026 Le climat se d\u00e9cha\u00eene en ce d\u00e9but d\u2019\u00e9t\u00e9. Dans ce contexte qui rappelle la r\u00e9alit\u00e9 du <a href=\"https:\/\/actu.fr\/pays-de-la-loire\/chateaubriant_44036\/pays-de-chateaubriant-comment-faire-face-au-rechauffement-climatique_62852616.html\" target=\"_blank\" rel=\"noopener\">d\u00e9r\u00e8glement climatique<\/a>, <strong>se tiendra \u00e0 Nantes un Camp Climat<\/strong>, organis\u00e9 par les associations Alternatiba et ANV-Cop21, <strong>du samedi 26 juillet au dimanche 3 ao\u00fbt<\/strong>.<\/p>\n<p class=\" wall-content\">Cet \u00e9v\u00e9nement <strong>ouvert \u00e0 tous<\/strong> proposera <strong>des formations, des tables rondes et des conf\u00e9rences<\/strong> sur de nombreux sujets, du climat \u00e0 la lutte contre l\u2019extr\u00eame droite et le racisme, en mettant en avant des <strong>m\u00e9thodes de r\u00e9sistance citoyennes et non violentes<\/strong>. Le but : permettre \u00e0 des personnes qui souhaiteraient agir face au d\u00e9r\u00e8glement climatique et pour la justice sociale de \u00ab\u2009d\u00e9couvrir diff\u00e9rents leviers d\u2019action au niveau local, \u00e0 huit mois des \u00e9lections municipales\u2009\u00bb, <a href=\"https:\/\/campclimat.eu\/edition-2025-programmation\/\" target=\"_blank\" rel=\"noopener\">annonce le programme<\/a>.<\/p>\n<p>Donner aux citoyens une influence politique<\/p>\n<p class=\" wall-content\">\u00ab\u2009L\u2019id\u00e9e, c\u2019est d\u2019outiller concr\u00e8tement les citoyens\u2009: chacun peut agir en fonction de ses app\u00e9tences et de son exp\u00e9rience, \u00e0 l\u2019int\u00e9rieur des institutions ou en dehors\u2009\u00bb, explique Zo\u00e9 Meuleman, co-coordinatrice du p\u00f4le programmation du Camp Climat. Les prochaines \u00e9ch\u00e9ances politiques sont clairement en ligne de mire, avec des tables rondes telles que \u00ab\u2009Comment \u00e9largir la mobilisation et gagner la bataille culturelle\u2009?\u2009\u00bb ou \u00ab\u2009Pour une \u00e9cologie rurale et populaire, comment mobiliser dans les campagnes\u2009?\u2009\u00bb.<\/p>\n<p class=\" wall-content\">L\u2019\u00e9v\u00e9nement, d\u2019ampleur nationale, invite pour l\u2019occasion <strong>une quarantaine d\u2019associations<\/strong>, comme Greenpeace, Oxfam, Extinction Rebellion ou L214,<strong> des experts du climat et des \u00e9lus locaux<\/strong>, ou venus de Bordeaux et Poitiers.<\/p>\n<p>    <img   decoding=\"async\" loading=\"lazy\" src=\"https:\/\/www.europesays.com\/fr\/wp-content\/uploads\/2025\/07\/camp-climat-languedoc-21-c-remy-casteran-100-960x640.jpg\" alt=\"L'\u00e9v\u00e8nement pr\u00e9voit de former plusieurs centaines de personnes pendant une semaine\" width=\"960\" height=\"640\"\/><br \/>\n    L\u2019\u00e9v\u00e8nement pr\u00e9voit de former plusieurs centaines de personnes pendant une semaine. (\u00a9R\u00e9my Casteran \/ Camp Climat)<\/p>\n<p class=\" wall-content\"><strong>Plusieurs tarifs d\u2019entr\u00e9e \u00e0 la journ\u00e9e<\/strong> sont propos\u00e9s selon les budgets (de 10 \u00e0 30\u00a0euros), comprenant les repas, les formations et les animations (ateliers, projections, concerts), dont une soir\u00e9e sera d\u00e9di\u00e9e aux artistes locaux (le Bagad de Nantes, Vindotal\u00e9, les Ramoneurs de Menhirs\u2026). Chacun doit aussi assurer, chaque jour, des cr\u00e9neaux de b\u00e9n\u00e9volat\u2009: restauration, gestion du mat\u00e9riel, accueil\u2026<\/p>\n<p class=\" wall-content\">\u00ab On a con\u00e7u le Camp Climat pour qu\u2019il soit inclusif et accessible\u2009: avec diff\u00e9rents tarifs, et le fait que tous les participants participent aux t\u00e2ches, et la charte de vivre ensemble, on souhaite que chacun s\u2019y sente \u00e0 sa place \u00bb, ajoute Zo\u00e9 Meuleman. <strong>Plusieurs centaines de personnes <\/strong>sont attendues pour <strong>cet \u00e9v\u00e9nement qui se tiendra \u00e0 la Papoti\u00e8re<\/strong>, un institut th\u00e9rapeutique \u00e9ducatif et p\u00e9dagogique (ITEP) situ\u00e9 \u00e0 l\u2019est de Nantes, dans le quartier de Doulon.<\/p>\n<p class=\" wall-content\">Suivez toute l\u2019actualit\u00e9 de vos villes et m\u00e9dias favoris en vous inscrivant \u00e0 <a href=\"https:\/\/moncompte.actu.fr\" title=\"D\u00e9couvez Mon Actu\" rel=\"nofollow noopener\" data-trk=\"{&quot;cta&quot;:{&quot;action&quot;:&quot;https:\\\/\\\/moncompte.actu.fr&quot;,&quot;category&quot;:&quot;mon compte&quot;,&quot;from&quot;:&quot;article footer&quot;,&quot;name&quot;:&quot;Mon actu&quot;,&quot;type&quot;:&quot;cta&quot;}}\" target=\"_blank\">Mon Actu<\/a>.<\/p>\n","protected":false},"excerpt":{"rendered":"Par Emma Derome Publi\u00e9 le 24 juil. 2025 \u00e0 10h45 Crues et inondations d\u00e9vastatrices, s\u00e9cheresses et feux de&hellip;\n","protected":false},"author":2,"featured_media":270080,"comment_status":"","ping_status":"","sticky":false,"template":"","format":"standard","meta":{"footnotes":""},"categories":[2818],"tags":[1111,11,1129,436,1777,674,1011,27,766,12,2636,52,25],"class_list":{"0":"post-270079","1":"post","2":"type-post","3":"status-publish","4":"format-standard","5":"has-post-thumbnail","7":"category-nantes","8":"tag-actu","9":"tag-actualites","10":"tag-climat","11":"tag-environnement","12":"tag-eu","13":"tag-europe","14":"tag-fr","15":"tag-france","16":"tag-nantes","17":"tag-news","18":"tag-pays-de-la-loire","19":"tag-planete","20":"tag-republique-francaise"},"share_on_mastodon":{"url":"https:\/\/pubeurope.com\/@fr\/114907396484295667","error":""},"_links":{"self":[{"href":"https:\/\/www.europesays.com\/fr\/wp-json\/wp\/v2\/posts\/270079","targetHints":{"allow":["GET"]}}],"collection":[{"href":"https:\/\/www.europesays.com\/fr\/wp-json\/wp\/v2\/posts"}],"about":[{"href":"https:\/\/www.europesays.com\/fr\/wp-json\/wp\/v2\/types\/post"}],"author":[{"embeddable":true,"href":"https:\/\/www.europesays.com\/fr\/wp-json\/wp\/v2\/users\/2"}],"replies":[{"embeddable":true,"href":"https:\/\/www.europesays.com\/fr\/wp-json\/wp\/v2\/comments?post=270079"}],"version-history":[{"count":0,"href":"https:\/\/www.europesays.com\/fr\/wp-json\/wp\/v2\/posts\/270079\/revisions"}],"wp:featuredmedia":[{"embeddable":true,"href":"https:\/\/www.europesays.com\/fr\/wp-json\/wp\/v2\/media\/270080"}],"wp:attachment":[{"href":"https:\/\/www.europesays.com\/fr\/wp-json\/wp\/v2\/media?parent=270079"}],"wp:term":[{"taxonomy":"category","embeddable":true,"href":"https:\/\/www.europesays.com\/fr\/wp-json\/wp\/v2\/categories?post=270079"},{"taxonomy":"post_tag","embeddable":true,"href":"https:\/\/www.europesays.com\/fr\/wp-json\/wp\/v2\/tags?post=270079"}],"curies":[{"name":"wp","href":"https:\/\/api.w.org\/{rel}","templated":true}]}}