{"id":270089,"date":"2025-07-24T09:06:09","date_gmt":"2025-07-24T09:06:09","guid":{"rendered":"https:\/\/www.europesays.com\/fr\/270089\/"},"modified":"2025-07-24T09:06:09","modified_gmt":"2025-07-24T09:06:09","slug":"sncf-quels-sont-les-travaux-prevus-sur-lignes-de-train-dans-les-hauts-de-france","status":"publish","type":"post","link":"https:\/\/www.europesays.com\/fr\/270089\/","title":{"rendered":"SNCF. Quels sont les travaux pr\u00e9vus sur lignes de train dans les Hauts-de-France\u00a0?"},"content":{"rendered":"<p>            Par<br \/>\n        <strong><br \/>\n            <a href=\"https:\/\/actu.fr\/auteur\/raphael-mahlmann\" title=\"Consulter tous les articles de Rapha\u00ebl Mahlmann\" target=\"_blank\" rel=\"noopener\">Rapha\u00ebl Mahlmann<\/a><br \/>\n        <\/strong><\/p>\n<p>        Publi\u00e9 le<\/p>\n<p>            24 juil. 2025 \u00e0 10h56        <\/p>\n<p>Pendant l\u2019\u00e9t\u00e9, la <a href=\"https:\/\/actu.fr\/hauts-de-france\/lille_59350\/gare-lille-flandres-tout-juste-majeurs-ils-violentent-des-agents-sncf-mais-nont-pas-le-dessus_62398750.html\" target=\"_blank\" rel=\"noopener\">SNCF<\/a>\u00a0en profite pour refaire une partie du r\u00e9seau ferroviaire des Hauts-de-France. Au total, <b>13 grands chantiers<\/b> sont en cours dans la r\u00e9gion, notamment sur la <a href=\"https:\/\/actu.fr\/faits-divers\/deux-personnes-percutees-sur-la-ligne-a-grande-a-vitesse-nord-a-quelques-heures-dintervalle_62820962.html\" target=\"_blank\" rel=\"noopener\">ligne \u00e0 grande \u00e0 vitesse <\/a>reliant Paris au Tunnel sous la Manche, en passant par Lille. <b>Des centaines de personnes<\/b> sont mobilis\u00e9es sur l\u2019ensemble de ces chantiers. R\u00e9alis\u00e9s la plupart du temps de nuit, ces travaux <b>ne perturberont pas les voyageurs.<\/b><\/p>\n<p>Les travaux SNCF dans les Hauts-de-France<\/p>\n<p class=\" wall-content\">\u2013 <b>Ligne grande vitesse Nord<\/b>\u2009: des travaux de remplacement de quatre aiguillages sont pr\u00e9vus. La SNCF pr\u00e9voit d\u2019en remplacer 16, d\u2019ici 2034. Ces aiguillages sont issus des ateliers de Moulin-Neuf (Oise) et de Vossloh, situ\u00e9 \u00e0 F\u00e8re-en-Tardenois (Aisne). Le budget allou\u00e9 est de 30\u00a0millions d\u2019euros. Les travaux auront lieu du 25\u00a0ao\u00fbt au 5\u00a0d\u00e9cembre.<\/p>\n<p class=\" wall-content\">\u2013 <b>Ligne Amiens \u2013 Lille et Amiens \u2013 Paris\u2009: <\/b>12 kilom\u00e8tres de voie sont remplac\u00e9s par un train-usine. Les travaux se d\u00e9roulent de nuit, jusqu\u2019au 23\u00a0ao\u00fbt. Ce chantier a n\u00e9cessit\u00e9 un investissement de 30\u00a0millions d\u2019euros.<\/p>\n<p class=\" wall-content\">\u2013 <b>Lille \u2013 Hirson\u2009: <\/b>28\u00a0km de cat\u00e9naire neuve sont en cours d\u2019installation entre Dompierre-sur-Helpe et Le Quesnoy pour un montant de 5,6\u00a0millions d\u2019euros. Les travaux sont pr\u00e9vus jusqu\u2019au 1er\u00a0ao\u00fbt.<\/p>\n<p class=\" wall-content\">\u2013 <b>Paris \u2013 Laon\u2009: <\/b>trois chantiers de renouvellement de voie sont en cours depuis le printemps. Une centaine de kilom\u00e8tres de rails doivent ainsi \u00eatre renouvel\u00e9s. Entre Mitry et Dammartin, le chantier prendra fin le 6\u00a0septembre. Entre Dammartin et Cr\u00e9py-en-Valois, la fin des travaux est pr\u00e9vue pour mars\u00a02026. Entre Villers-Cotter\u00eats et Laon, les travaux d\u00e9buteront au 1er\u00a0septembre.<\/p>\n<p class=\" wall-content\"><b>\u2013 Pont-Sainte-Maxence\u2009: <\/b>Le chantier de renouvellement de la voie entre Pont-Sainte-Maxence et Chevri\u00e8res prendre fin le 5\u00a0ao\u00fbt. Une intervention en continu avait eu lieu le week-end du 19 et 20\u00a0juillet. Co\u00fbt des travaux\u2009: 5,1\u00a0millions d\u2019euros.<\/p>\n<p class=\" wall-content\">\u2013<b> Lens\u2009: <\/b>850\u00a0m\u00e8tres de voie seront renouvel\u00e9s pour l\u2019acheminement du fret vers Lens. Des travaux de cat\u00e9naires, d\u2019aiguillage et de rails sont au programme, du 4\u00a0ao\u00fbt au 20\u00a0septembre. L\u2019op\u00e9ration a n\u00e9cessit\u00e9 le financement de 2,7\u00a0millions d\u2019euros.<\/p>\n<p class=\" wall-content\">\u2013 <b>Busigny\u2009:<\/b> la SNCF pr\u00e9voit un double chantier de r\u00e9g\u00e9n\u00e9ration de la voie et de r\u00e9novation des installations \u00e9lectriques. Du 25\u00a0ao\u00fbt au 11\u00a0octobre, un remplacement d\u2019aiguillages sera op\u00e9r\u00e9. Des interventions continues de 48\u00a0heures sont pr\u00e9vues du 6 au 8\u00a0septembre, du 13 au 15\u00a0septembre, du 20 au 22\u00a0septembre et du 4 au 5\u00a0octobre. Le co\u00fbt s\u2019\u00e9l\u00e8ve \u00e0 6,3\u00a0millions d\u2019euros. Le deuxi\u00e8me chantier concerne la r\u00e9g\u00e9n\u00e9ration de la sous-station \u00e9lectrique pour 3,1\u00a0millions d\u2019euros.<\/p>\n<p class=\" wall-content\">\u2013<b> Dunkerque\u2009: <\/b>quatre voies en gare de Dunkerque doivent \u00eatre remplac\u00e9es du 18\u00a0ao\u00fbt au 14\u00a0novembre 2025. Ces travaux concernent particuli\u00e8rement les rails, les traverses et les ballasts.<\/p>\n<p class=\" wall-content\"><b>\u2013 Boulogne-sur-Mer \u2013 Calais\u2009: <\/b>Les travaux de renouvellement sont presque finis. Au total, 18 kilom\u00e8tres de voie ont \u00e9t\u00e9 remplac\u00e9s pour un co\u00fbt de 49\u00a0millions d\u2019euros.<\/p>\n<p class=\" wall-content\"><b>\u2013 B\u00e9thune\u2009: <\/b>les principaux travaux de renouvellement des voies se sont achev\u00e9s le 17\u00a0juillet. Les finitions auront lieu jusqu\u2019au 1er\u00a0ao\u00fbt. Le montant est de 4,3\u00a0millions d\u2019euros.<\/p>\n<p class=\" wall-content\"><b>\u2013 Laon \u2013 Hirson\u2009: <\/b>cofinanc\u00e9s par la r\u00e9gion Hauts-de-France, l\u2019\u00c9tat et SNCF R\u00e9seau, les travaux des ouvrages hydrauliques entre Laon et Marle auront lieu au cours des prochains mois. Des travaux sur les voies entre Marle et Hirson doivent \u00e9galement \u00eatre organis\u00e9s. L\u2019investissement est de 93 millions d\u2019euros.<\/p>\n<p class=\" wall-content\"><b>\u2013 Avesnelles\u2009:<\/b> un passage \u00e0 niveau sera remplac\u00e9 par un pont ferroviaire au-dessus de la future Route Nationale 2. L\u2019op\u00e9ration est pr\u00e9vue jusqu\u2019au 1er\u00a0ao\u00fbt. Ces travaux repr\u00e9sentent un investissement de 38\u00a0millions d\u2019euros, enti\u00e8rement financ\u00e9s par l\u2019\u00c9tat.<\/p>\n<p class=\" wall-content\">Suivez toute l\u2019actualit\u00e9 de vos villes et m\u00e9dias favoris en vous inscrivant \u00e0 <a href=\"https:\/\/moncompte.actu.fr\" title=\"D\u00e9couvez Mon Actu\" rel=\"nofollow noopener\" data-trk=\"{&quot;cta&quot;:{&quot;action&quot;:&quot;https:\\\/\\\/moncompte.actu.fr&quot;,&quot;category&quot;:&quot;mon compte&quot;,&quot;from&quot;:&quot;article footer&quot;,&quot;name&quot;:&quot;Mon actu&quot;,&quot;type&quot;:&quot;cta&quot;}}\" target=\"_blank\">Mon Actu<\/a>.<\/p>\n","protected":false},"excerpt":{"rendered":"Par Rapha\u00ebl Mahlmann Publi\u00e9 le 24 juil. 2025 \u00e0 10h56 Pendant l\u2019\u00e9t\u00e9, la SNCF\u00a0en profite pour refaire une&hellip;\n","protected":false},"author":2,"featured_media":270090,"comment_status":"","ping_status":"","sticky":false,"template":"","format":"standard","meta":{"footnotes":""},"categories":[2815],"tags":[1111,11,1777,674,1011,27,811,1307,12,25,2215,104,2086],"class_list":{"0":"post-270089","1":"post","2":"type-post","3":"status-publish","4":"format-standard","5":"has-post-thumbnail","7":"category-lille","8":"tag-actu","9":"tag-actualites","10":"tag-eu","11":"tag-europe","12":"tag-fr","13":"tag-france","14":"tag-hauts-de-france","15":"tag-lille","16":"tag-news","17":"tag-republique-francaise","18":"tag-sncf","19":"tag-societe","20":"tag-travaux"},"share_on_mastodon":{"url":"https:\/\/pubeurope.com\/@fr\/114907420118529093","error":""},"_links":{"self":[{"href":"https:\/\/www.europesays.com\/fr\/wp-json\/wp\/v2\/posts\/270089","targetHints":{"allow":["GET"]}}],"collection":[{"href":"https:\/\/www.europesays.com\/fr\/wp-json\/wp\/v2\/posts"}],"about":[{"href":"https:\/\/www.europesays.com\/fr\/wp-json\/wp\/v2\/types\/post"}],"author":[{"embeddable":true,"href":"https:\/\/www.europesays.com\/fr\/wp-json\/wp\/v2\/users\/2"}],"replies":[{"embeddable":true,"href":"https:\/\/www.europesays.com\/fr\/wp-json\/wp\/v2\/comments?post=270089"}],"version-history":[{"count":0,"href":"https:\/\/www.europesays.com\/fr\/wp-json\/wp\/v2\/posts\/270089\/revisions"}],"wp:featuredmedia":[{"embeddable":true,"href":"https:\/\/www.europesays.com\/fr\/wp-json\/wp\/v2\/media\/270090"}],"wp:attachment":[{"href":"https:\/\/www.europesays.com\/fr\/wp-json\/wp\/v2\/media?parent=270089"}],"wp:term":[{"taxonomy":"category","embeddable":true,"href":"https:\/\/www.europesays.com\/fr\/wp-json\/wp\/v2\/categories?post=270089"},{"taxonomy":"post_tag","embeddable":true,"href":"https:\/\/www.europesays.com\/fr\/wp-json\/wp\/v2\/tags?post=270089"}],"curies":[{"name":"wp","href":"https:\/\/api.w.org\/{rel}","templated":true}]}}