{"id":270094,"date":"2025-07-24T09:09:26","date_gmt":"2025-07-24T09:09:26","guid":{"rendered":"https:\/\/www.europesays.com\/fr\/270094\/"},"modified":"2025-07-24T09:09:26","modified_gmt":"2025-07-24T09:09:26","slug":"marseille-blesse-par-balle-et-retrouve-dans-le-coffre-dune-voiture-un-homme-succombe-a-ses-blessures","status":"publish","type":"post","link":"https:\/\/www.europesays.com\/fr\/270094\/","title":{"rendered":"Marseille : bless\u00e9 par balle et retrouv\u00e9 dans le coffre d&rsquo;une voiture, un homme succombe \u00e0 ses blessures"},"content":{"rendered":"<ul class=\"jsx-862013697 ArticleChapo__List\">\n<li class=\"jsx-862013697 ArticleChapo__List_Item flex\">Un homme a \u00e9t\u00e9 retrouv\u00e9 mercredi soir dans le coffre d&rsquo;une voiture \u00e0 Marseille.<\/li>\n<li class=\"jsx-862013697 ArticleChapo__List_Item flex\">La victime, gri\u00e8vement bless\u00e9e par balle, a succomb\u00e9 \u00e0 ses blessures.<\/li>\n<li class=\"jsx-862013697 ArticleChapo__List_Item flex\">Une enqu\u00eate a \u00e9t\u00e9 ouverte par le parquet.<\/li>\n<\/ul>\n<p data-module=\"article-paragraph\" class=\"jsx-3046738180 Paragraph\">Nouveau r\u00e8glement de compte dans la cit\u00e9 phoc\u00e9enne. Mercredi 23 juillet dans la soir\u00e9e, un homme est d\u00e9c\u00e9d\u00e9 \u00e0 Marseille (Bouches-du-Rh\u00f4ne) \u00e0 apr\u00e8s avoir \u00e9t\u00e9 retrouv\u00e9, gri\u00e8vement bless\u00e9 par balle, dans le coffre d&rsquo;une voiture que des personnes tentaient d&rsquo;incendier, des faits qui \u00e9voquent le narcobanditisme, ont fait savoir les secours et des sources polici\u00e8res.<\/p>\n<p data-module=\"article-paragraph\" class=\"jsx-3046738180 Paragraph Paragraph__End\">Alert\u00e9s peu avant 23h par des riverains, pour tentative d&rsquo;incendie d&rsquo;un v\u00e9hicule, les secours ont d\u00e9couvert un homme en arr\u00eat cardio-respiratoire dans le coffre de cette voiture, dans un de ces quartiers paup\u00e9ris\u00e9s gangr\u00e9n\u00e9s par les trafics de stup\u00e9fiants, dans le nord de la ville, proche de la cit\u00e9 Font Vert. L&rsquo;homme, gri\u00e8vement bless\u00e9 d&rsquo;une balle dans la t\u00eate a succomb\u00e9 \u00e0 ses blessures sur place, les secours n&rsquo;ayant pas r\u00e9ussi \u00e0 le ranimer.<\/p>\n<p>Les auteurs en fuite et activement recherch\u00e9s<\/p>\n<p data-module=\"article-paragraph\" class=\"jsx-3046738180 Paragraph Paragraph__End\">L&rsquo;enqu\u00eate sur cet homicide a \u00e9t\u00e9 confi\u00e9e \u00e0 la division de la criminalit\u00e9 organis\u00e9e et sp\u00e9cialis\u00e9e de la police judiciaire. De source polici\u00e8re, les personnes ayant tent\u00e9 de mettre le feu au v\u00e9hicule ont pris la fuite.<\/p>\n<p><a href=\"https:\/\/www.tf1info.fr\/justice-faits-divers\/reportage-video-c-est-passe-a-travers-la-porte-la-stupeur-des-voisins-apres-la-mort-d-une-femme-a-marseille-2381735.html\" rel=\"noopener\" class=\"jsx-3308031228 Link flex\" target=\"_blank\"><img decoding=\"async\" src=\"https:\/\/www.europesays.com\/fr\/wp-content\/uploads\/2025\/07\/femme-tuee-marseille-70215b-0@1x.jpeg\" alt=\"Une voisine de la femme tu\u00e9e \u00e0 travers sa porte \u00e0 Marseille t\u00e9moigne au micro de TF1.\" loading=\"lazy\" importance=\"low\" fetchpriority=\"low\" class=\"\" aria-hidden=\"true\"\/><\/p>\n<p class=\"jsx-3657663356 ReadMoreArticle__Title\">Lire aussi<\/p>\n<p class=\"jsx-3657663356\">\u00ab\u00a0Elle n&rsquo;a m\u00eame pas ouvert la porte\u00a0\u00bb : une femme abattue chez elle \u00e0 Marseille, les voisins sous le choc<\/p>\n<p><\/a><\/p>\n<p data-module=\"article-paragraph\" class=\"jsx-3046738180 Paragraph\">Si le lien entre cet homicide et le narcobanditisme n&rsquo;a pas encore \u00e9t\u00e9 \u00e9tabli officiellement, la m\u00e9thode utilis\u00e9e par les agresseurs fait clairement penser \u00e0 un nouveau \u00ab\u00a0narchomicide\u00a0\u00bb, ces homicides sur fond de trafic de stup\u00e9fiants et de guerre des gangs pour le contr\u00f4le des points de vente de drogue dans la seconde ville de France.<\/p>\n<p data-module=\"article-paragraph\" class=\"jsx-3046738180 Paragraph Paragraph__End\">Si cette th\u00e8se \u00e9tait confirm\u00e9e, ce serait le 8e narchomicide cette ann\u00e9e dans les Bouches-du-Rh\u00f4ne, apr\u00e8s 24 morts en 2024 et 49 morts, un record, en 2023.<\/p>\n<p>A.S avec AFP<\/p>\n","protected":false},"excerpt":{"rendered":"Un homme a \u00e9t\u00e9 retrouv\u00e9 mercredi soir dans le coffre d&rsquo;une voiture \u00e0 Marseille. La victime, gri\u00e8vement bless\u00e9e&hellip;\n","protected":false},"author":2,"featured_media":270095,"comment_status":"","ping_status":"","sticky":false,"template":"","format":"standard","meta":{"footnotes":""},"categories":[2814],"tags":[1111,11,1921,1777,674,1011,27,1922,303,2954,884,12,1072,882,25,887,133,2953],"class_list":{"0":"post-270094","1":"post","2":"type-post","3":"status-publish","4":"format-standard","5":"has-post-thumbnail","7":"category-marseille","8":"tag-actu","9":"tag-actualites","10":"tag-article-video","11":"tag-eu","12":"tag-europe","13":"tag-fr","14":"tag-france","15":"tag-info","16":"tag-justice","17":"tag-justice-et-faits-divers","18":"tag-marseille","19":"tag-news","20":"tag-police","21":"tag-provence-alpes-cote-dazur","22":"tag-republique-francaise","23":"tag-trafic-de-drogue","24":"tag-video","25":"tag-video-police"},"share_on_mastodon":{"url":"https:\/\/pubeurope.com\/@fr\/114907431842484347","error":""},"_links":{"self":[{"href":"https:\/\/www.europesays.com\/fr\/wp-json\/wp\/v2\/posts\/270094","targetHints":{"allow":["GET"]}}],"collection":[{"href":"https:\/\/www.europesays.com\/fr\/wp-json\/wp\/v2\/posts"}],"about":[{"href":"https:\/\/www.europesays.com\/fr\/wp-json\/wp\/v2\/types\/post"}],"author":[{"embeddable":true,"href":"https:\/\/www.europesays.com\/fr\/wp-json\/wp\/v2\/users\/2"}],"replies":[{"embeddable":true,"href":"https:\/\/www.europesays.com\/fr\/wp-json\/wp\/v2\/comments?post=270094"}],"version-history":[{"count":0,"href":"https:\/\/www.europesays.com\/fr\/wp-json\/wp\/v2\/posts\/270094\/revisions"}],"wp:featuredmedia":[{"embeddable":true,"href":"https:\/\/www.europesays.com\/fr\/wp-json\/wp\/v2\/media\/270095"}],"wp:attachment":[{"href":"https:\/\/www.europesays.com\/fr\/wp-json\/wp\/v2\/media?parent=270094"}],"wp:term":[{"taxonomy":"category","embeddable":true,"href":"https:\/\/www.europesays.com\/fr\/wp-json\/wp\/v2\/categories?post=270094"},{"taxonomy":"post_tag","embeddable":true,"href":"https:\/\/www.europesays.com\/fr\/wp-json\/wp\/v2\/tags?post=270094"}],"curies":[{"name":"wp","href":"https:\/\/api.w.org\/{rel}","templated":true}]}}