{"id":270104,"date":"2025-07-24T09:14:09","date_gmt":"2025-07-24T09:14:09","guid":{"rendered":"https:\/\/www.europesays.com\/fr\/270104\/"},"modified":"2025-07-24T09:14:09","modified_gmt":"2025-07-24T09:14:09","slug":"trafic-interrompu-sur-toute-la-ligne","status":"publish","type":"post","link":"https:\/\/www.europesays.com\/fr\/270104\/","title":{"rendered":"trafic interrompu sur toute la ligne"},"content":{"rendered":"<p>            Par<br \/>\n        <strong><br \/>\n            <a href=\"https:\/\/actu.fr\/auteur\/redaction-paris\" title=\"Consulter tous les articles de R\u00e9daction Paris\" target=\"_blank\" rel=\"noopener\">R\u00e9daction Paris<\/a><br \/>\n        <\/strong><\/p>\n<p>        Publi\u00e9 le<\/p>\n<p>            24 juil. 2025 \u00e0 10h24        <\/p>\n<p>Pour des raisons qui restent \u00e0 d\u00e9terminer, <strong>un arbre est tomb\u00e9<\/strong> sur les voies du T2 dans les Hauts-de-Seine ce jeudi 24\u00a0juillet 2025. La <a href=\"https:\/\/actu.fr\/tag\/circulation\" target=\"_blank\" rel=\"noopener\">circulation<\/a> est donc interrompue sur toute la ligne, a fait savoir la <a href=\"https:\/\/actu.fr\/tag\/ratp\" target=\"_blank\" rel=\"noopener\">RATP<\/a> sur X.<\/p>\n<p>Les \u00e9quipes techniques sur le terrain<\/p>\n<p class=\" wall-content\">\u00ab\u2009Des trams stationnent sur toute la ligne en raison d\u2019une chute d\u2019arbre sur les voies entre <strong>Les Milons<\/strong> et <strong>Parc de Saint-Cloud<\/strong>\u2009\u00bb, a d\u2019abord signal\u00e9 la r\u00e9gie des transports, aux alentours de 9h40.<\/p>\n<p class=\" wall-content\">\n<p class=\" wall-content\">Quelques minutes plus tard, la RATP annon\u00e7ait que le trafic \u00e9tait \u00ab\u2009interrompu sur toute la ligne\u2009\u00bb. La marche des tramways pourra reprendre d\u00e8s que l\u2019arbre sera retir\u00e9 et que les \u00e9quipes techniques auront v\u00e9rifi\u00e9 \u00ab\u2009l\u2019int\u00e9grit\u00e9 des \u00e9quipements \u00e9lectriques\u2009\u00bb.\u00a0L\u2019heure de reprise est pour l\u2019instant estim\u00e9e \u00e0 <strong>15 heures<\/strong>.<\/p>\n<p class=\" wall-content\">Dans la mesure du possible, les voyageurs sont invit\u00e9s \u00e0 <strong>modifier leur itin\u00e9raire<\/strong>.<\/p>\n<p class=\" wall-content\">Suivez toute l\u2019actualit\u00e9 de vos villes et m\u00e9dias favoris en vous inscrivant \u00e0 <a href=\"https:\/\/moncompte.actu.fr\" title=\"D\u00e9couvez Mon Actu\" rel=\"nofollow noopener\" data-trk=\"{&quot;cta&quot;:{&quot;action&quot;:&quot;https:\\\/\\\/moncompte.actu.fr&quot;,&quot;category&quot;:&quot;mon compte&quot;,&quot;from&quot;:&quot;article footer&quot;,&quot;name&quot;:&quot;Mon actu&quot;,&quot;type&quot;:&quot;cta&quot;}}\" target=\"_blank\">Mon Actu<\/a>.<\/p>\n","protected":false},"excerpt":{"rendered":"Par R\u00e9daction Paris Publi\u00e9 le 24 juil. 2025 \u00e0 10h24 Pour des raisons qui restent \u00e0 d\u00e9terminer, un&hellip;\n","protected":false},"author":2,"featured_media":270105,"comment_status":"","ping_status":"","sticky":false,"template":"","format":"standard","meta":{"footnotes":""},"categories":[1888],"tags":[1111,1928,11,1927,1777,674,1011,27,12,1926,626,1925,625,25,104,2803],"class_list":{"0":"post-270104","1":"post","2":"type-post","3":"status-publish","4":"format-standard","5":"has-post-thumbnail","7":"category-paris","8":"tag-actu","9":"tag-actu-paris","10":"tag-actualites","11":"tag-actualites-paris","12":"tag-eu","13":"tag-europe","14":"tag-fr","15":"tag-france","16":"tag-news","17":"tag-news-paris","18":"tag-paris","19":"tag-paris-news","20":"tag-ratp","21":"tag-republique-francaise","22":"tag-societe","23":"tag-transport"},"share_on_mastodon":{"url":"https:\/\/pubeurope.com\/@fr\/114907451539773155","error":""},"_links":{"self":[{"href":"https:\/\/www.europesays.com\/fr\/wp-json\/wp\/v2\/posts\/270104","targetHints":{"allow":["GET"]}}],"collection":[{"href":"https:\/\/www.europesays.com\/fr\/wp-json\/wp\/v2\/posts"}],"about":[{"href":"https:\/\/www.europesays.com\/fr\/wp-json\/wp\/v2\/types\/post"}],"author":[{"embeddable":true,"href":"https:\/\/www.europesays.com\/fr\/wp-json\/wp\/v2\/users\/2"}],"replies":[{"embeddable":true,"href":"https:\/\/www.europesays.com\/fr\/wp-json\/wp\/v2\/comments?post=270104"}],"version-history":[{"count":0,"href":"https:\/\/www.europesays.com\/fr\/wp-json\/wp\/v2\/posts\/270104\/revisions"}],"wp:featuredmedia":[{"embeddable":true,"href":"https:\/\/www.europesays.com\/fr\/wp-json\/wp\/v2\/media\/270105"}],"wp:attachment":[{"href":"https:\/\/www.europesays.com\/fr\/wp-json\/wp\/v2\/media?parent=270104"}],"wp:term":[{"taxonomy":"category","embeddable":true,"href":"https:\/\/www.europesays.com\/fr\/wp-json\/wp\/v2\/categories?post=270104"},{"taxonomy":"post_tag","embeddable":true,"href":"https:\/\/www.europesays.com\/fr\/wp-json\/wp\/v2\/tags?post=270104"}],"curies":[{"name":"wp","href":"https:\/\/api.w.org\/{rel}","templated":true}]}}