{"id":270111,"date":"2025-07-24T09:18:09","date_gmt":"2025-07-24T09:18:09","guid":{"rendered":"https:\/\/www.europesays.com\/fr\/270111\/"},"modified":"2025-07-24T09:18:09","modified_gmt":"2025-07-24T09:18:09","slug":"un-avion-secrase-en-russie-49-personnes-a-bord","status":"publish","type":"post","link":"https:\/\/www.europesays.com\/fr\/270111\/","title":{"rendered":"un avion s&rsquo;\u00e9crase en Russie, 49 personnes \u00e0 bord"},"content":{"rendered":"<p>\nUn avion s&rsquo;est \u00e9cras\u00e9 en Russie, il transportait 49 personnes \u00e0 bord.<\/p>\n<p>\n\u00a9 Illustration. Aile d\u2019un avion.<\/p>\n<p>Un avion de ligne avec 49 personnes \u00e0 bord s\u2019est \u00e9cras\u00e9 jeudi 23 juillet 2025, dans la r\u00e9gion de l\u2019Amour, en <strong>Extr\u00eame-Orient russe<\/strong>, selon les <strong>autorit\u00e9s locales de ces territoires<\/strong>.  Le \u00ab\u00a0fuselage en flammes\u00a0\u00bb de l\u2019appareil a \u00e9t\u00e9 rep\u00e9r\u00e9 par un h\u00e9licopt\u00e8re des services de secours, rapporte le <strong>minist\u00e8re russe<\/strong> des Situations d\u2019urgence, sur Telegram. Le fuselage est la carcasse en forme de fuseau constituant le corps d\u2019un avion.<\/p>\n<p>Le \u00ab\u00a0fuselage en flammes\u00a0\u00bb retrouv\u00e9<\/p>\n<p>Le Centre de protection civile de la r\u00e9gion a affirm\u00e9 sur Telegram que l\u2019h\u00e9licopt\u00e8re des secouristes n\u2019avait pas<strong> \u00ab\u00a0d\u00e9couvert de survivants depuis les airs\u00a0\u00bb <\/strong>en survolant le site du crash. Selon cette source, la <strong>carcasse de l\u2019avion <\/strong>a \u00e9t\u00e9 rep\u00e9r\u00e9e \u00e0 16 kilom\u00e8tres de la localit\u00e9 de Tynda. \u00ab\u00a0Les services d\u2019urgence ont annonc\u00e9 qu\u2019un avion de ligne Antonov-24 qui effectuait un vol entre Blagovechtchensk et Tynda avait disparu des radars aujourd\u2019hui\u00a0\u00bb, a affirm\u00e9 Vassili Orlov e gouverneur de la r\u00e9gion, sur Telegram.<\/p>\n","protected":false},"excerpt":{"rendered":"Un avion s&rsquo;est \u00e9cras\u00e9 en Russie, il transportait 49 personnes \u00e0 bord. \u00a9 Illustration. Aile d\u2019un avion. Un&hellip;\n","protected":false},"author":2,"featured_media":270112,"comment_status":"","ping_status":"","sticky":false,"template":"","format":"standard","meta":{"footnotes":""},"categories":[1591],"tags":[11,37,1887,12,1885,1886,132],"class_list":{"0":"post-270111","1":"post","2":"type-post","3":"status-publish","4":"format-standard","5":"has-post-thumbnail","7":"category-russie","8":"tag-actualites","9":"tag-avion","10":"tag-federation-de-russie","11":"tag-news","12":"tag-russia","13":"tag-russian-federation","14":"tag-russie"},"share_on_mastodon":{"url":"https:\/\/pubeurope.com\/@fr\/114907467321355920","error":""},"_links":{"self":[{"href":"https:\/\/www.europesays.com\/fr\/wp-json\/wp\/v2\/posts\/270111","targetHints":{"allow":["GET"]}}],"collection":[{"href":"https:\/\/www.europesays.com\/fr\/wp-json\/wp\/v2\/posts"}],"about":[{"href":"https:\/\/www.europesays.com\/fr\/wp-json\/wp\/v2\/types\/post"}],"author":[{"embeddable":true,"href":"https:\/\/www.europesays.com\/fr\/wp-json\/wp\/v2\/users\/2"}],"replies":[{"embeddable":true,"href":"https:\/\/www.europesays.com\/fr\/wp-json\/wp\/v2\/comments?post=270111"}],"version-history":[{"count":0,"href":"https:\/\/www.europesays.com\/fr\/wp-json\/wp\/v2\/posts\/270111\/revisions"}],"wp:featuredmedia":[{"embeddable":true,"href":"https:\/\/www.europesays.com\/fr\/wp-json\/wp\/v2\/media\/270112"}],"wp:attachment":[{"href":"https:\/\/www.europesays.com\/fr\/wp-json\/wp\/v2\/media?parent=270111"}],"wp:term":[{"taxonomy":"category","embeddable":true,"href":"https:\/\/www.europesays.com\/fr\/wp-json\/wp\/v2\/categories?post=270111"},{"taxonomy":"post_tag","embeddable":true,"href":"https:\/\/www.europesays.com\/fr\/wp-json\/wp\/v2\/tags?post=270111"}],"curies":[{"name":"wp","href":"https:\/\/api.w.org\/{rel}","templated":true}]}}