{"id":270115,"date":"2025-07-24T09:20:11","date_gmt":"2025-07-24T09:20:11","guid":{"rendered":"https:\/\/www.europesays.com\/fr\/270115\/"},"modified":"2025-07-24T09:20:11","modified_gmt":"2025-07-24T09:20:11","slug":"pres-de-30-des-entreprises-allemandes-reportent-leurs-investissements-aux-etats-unis-selon-une-enquete","status":"publish","type":"post","link":"https:\/\/www.europesays.com\/fr\/270115\/","title":{"rendered":"Pr\u00e8s de 30% des entreprises allemandes reportent leurs investissements aux \u00c9tats-Unis, selon une enqu\u00eate"},"content":{"rendered":"<p>Pr\u00e8s de 30% des entreprises allemandes ayant des projets d\u2019investissement aux \u00c9tats-Unis ont report\u00e9 leurs initiatives et 15% les ont annul\u00e9es en raison de l\u2019incertitude li\u00e9e \u00e0 la politique tarifaire du pr\u00e9sident am\u00e9ricain Donald Trump, selon une enqu\u00eate de l\u2019institut Ifo publi\u00e9e jeudi.<\/p>\n<p>Les investissements domestiques sont \u00e9galement suspendus en raison de cette incertitude tarifaire. Environ 21% des 1\u00a0500 entreprises interrog\u00e9es reportent ainsi des investissements en Allemagne, tandis que 8% d\u00e9clarent avoir annul\u00e9 des projets.<\/p>\n<p>\u00ab\u00a0Les entreprises particuli\u00e8rement touch\u00e9es par les droits de douane impos\u00e9s par Trump d\u00e9cident de reporter ou d\u2019annuler leurs investissements en Allemagne\u00a0\u00bb, indique l\u2019institut dans son rapport.<\/p>\n<p>Plus de 60% des entreprises allemandes font \u00e9tat d\u2019effets n\u00e9gatifs suite \u00e0 l\u2019instauration des droits de douane am\u00e9ricains en janvier, avec des secteurs tourn\u00e9s vers l\u2019exportation tels que la construction m\u00e9canique (87%) et la production de m\u00e9taux (68%) particuli\u00e8rement affect\u00e9s.<\/p>\n<p>\u00ab\u00a0Les droits de douane de Trump constituent un choc profond en mati\u00e8re de politique commerciale\u00a0: ils obligent les entreprises \u00e0 r\u00e9\u00e9valuer les march\u00e9s mondiaux et \u00e0 r\u00e9ajuster leurs investissements\u00a0\u00bb, analyse Andreas Baur, expert du commerce \u00e0 l\u2019Ifo.<\/p>\n<p>M\u00eame les entreprises disposant de sites aux \u00c9tats-Unis subissent les effets de ces droits de douane, plus de 80% d\u2019entre elles signalant des inconv\u00e9nients notables.<\/p>\n<p>Une entreprise industrielle allemande sur trois s\u2019attend \u00e0 ce que le march\u00e9 am\u00e9ricain perde de son importance \u00e0 cause de la politique tarifaire de Trump.<\/p>\n<p>Environ 40% des entreprises voient des opportunit\u00e9s de croissance des ventes au sein de l\u2019Union europ\u00e9enne et en Inde respectivement, tandis que les avis divergent concernant le march\u00e9 chinois.<\/p>\n<p>(Reportage de Rene Wagner et Maria Martinez, \u00e9dit\u00e9 par Friederike Heine)<\/p>\n<p><\/p>\n","protected":false},"excerpt":{"rendered":"Pr\u00e8s de 30% des entreprises allemandes ayant des projets d\u2019investissement aux \u00c9tats-Unis ont report\u00e9 leurs initiatives et 15%&hellip;\n","protected":false},"author":2,"featured_media":270116,"comment_status":"","ping_status":"","sticky":false,"template":"","format":"standard","meta":{"footnotes":""},"categories":[1589],"tags":[11,340,73,1866,12,1864,1865,1863,308],"class_list":{"0":"post-270115","1":"post","2":"type-post","3":"status-publish","4":"format-standard","5":"has-post-thumbnail","7":"category-etats-unis","8":"tag-actualites","9":"tag-bourse","10":"tag-etats-unis","11":"tag-etats-unis-damerique","12":"tag-news","13":"tag-united-states","14":"tag-united-states-of-america","15":"tag-us","16":"tag-usa"},"share_on_mastodon":{"url":"https:\/\/pubeurope.com\/@fr\/114907475044481274","error":""},"_links":{"self":[{"href":"https:\/\/www.europesays.com\/fr\/wp-json\/wp\/v2\/posts\/270115","targetHints":{"allow":["GET"]}}],"collection":[{"href":"https:\/\/www.europesays.com\/fr\/wp-json\/wp\/v2\/posts"}],"about":[{"href":"https:\/\/www.europesays.com\/fr\/wp-json\/wp\/v2\/types\/post"}],"author":[{"embeddable":true,"href":"https:\/\/www.europesays.com\/fr\/wp-json\/wp\/v2\/users\/2"}],"replies":[{"embeddable":true,"href":"https:\/\/www.europesays.com\/fr\/wp-json\/wp\/v2\/comments?post=270115"}],"version-history":[{"count":0,"href":"https:\/\/www.europesays.com\/fr\/wp-json\/wp\/v2\/posts\/270115\/revisions"}],"wp:featuredmedia":[{"embeddable":true,"href":"https:\/\/www.europesays.com\/fr\/wp-json\/wp\/v2\/media\/270116"}],"wp:attachment":[{"href":"https:\/\/www.europesays.com\/fr\/wp-json\/wp\/v2\/media?parent=270115"}],"wp:term":[{"taxonomy":"category","embeddable":true,"href":"https:\/\/www.europesays.com\/fr\/wp-json\/wp\/v2\/categories?post=270115"},{"taxonomy":"post_tag","embeddable":true,"href":"https:\/\/www.europesays.com\/fr\/wp-json\/wp\/v2\/tags?post=270115"}],"curies":[{"name":"wp","href":"https:\/\/api.w.org\/{rel}","templated":true}]}}