{"id":270120,"date":"2025-07-24T09:22:09","date_gmt":"2025-07-24T09:22:09","guid":{"rendered":"https:\/\/www.europesays.com\/fr\/270120\/"},"modified":"2025-07-24T09:22:09","modified_gmt":"2025-07-24T09:22:09","slug":"audiences-allemagne-espagne-au-coude-a-coude-avec-philippe-etchebest-euro-2025-demies-allemagne-espagne-0-1-ap","status":"publish","type":"post","link":"https:\/\/www.europesays.com\/fr\/270120\/","title":{"rendered":"Audiences : Allemagne-Espagne au coude-\u00e0-coude avec Philippe Etchebest &#8211; Euro 2025 &#8211; Demies &#8211; Allemagne-Espagne (0-1 ap)"},"content":{"rendered":"<p>Philippe is the best.<\/p>\n<p><a target=\"_blank\" href=\"https:\/\/www.sofoot.com\/articles\/lespagne-sort-lallemagne-dans-la-douleur-et-rejoint-langleterre-en-finale\" rel=\"nofollow noopener\">Une demi-finale de l\u2019Euro<\/a>, Les Invisibles et Cauchemar en cuisine. Trois programmes, tr\u00e8s diff\u00e9rents, mais au coude \u00e0 coude au niveau des audiences. Si la s\u00e9rie de France 2 a pris les devants avec environ 3 millions de petits curieux qui ont souhait\u00e9 regarder l\u2019\u00e9pisode pour la 18e fois,<strong> Allemagne-Espagne et l\u2019\u00e9mission o\u00f9 l\u2019on voit un Philou tr\u00e8s \u00e9nerv\u00e9 \u00e0 longueur de soir\u00e9e ont \u00e9t\u00e9 dans un mouchoir de poche<\/strong>. Petit avantage pour Lizarazu et Margotton qui ont fait vibrer plus de 2 millions de suiveurs pendant que M6 n\u2019a rameut\u00e9 \u00ab\u00a0que\u00a0\u00bb 1,95 millions de personnes.<\/p>\n<p>La finale au m\u00eame moment que l\u2019arriv\u00e9e du Tour de France<\/p>\n<p>En m\u00eame temps, comment ne pas craquer devant les remontrances du Nicolas Pallois de la cuisine ? Depuis 2015, le chef cuisto a su concocter sa recette pour figurer en haut des audiences, et \u00e7a a l\u2019air de payer. <strong>Plus qu\u2019un 0-1 bien mauvais dans <a target=\"_blank\" href=\"https:\/\/www.sofoot.com\/articles\/euro-f-2025-aitana-bonmati-le-phare-dans-la-nuit-espagnole-pour-decrocher-la-premiere-finale-europeenne-de-la-roja\" rel=\"nofollow noopener\">une rencontre qui s\u2019est d\u00e9cid\u00e9e sur une mauvaise appr\u00e9ciation de Berger<\/a><\/strong>, h\u00e9ro\u00efque avant cela.<\/p>\n<p>Dimanche, \u00e7a ne risque pas de s\u2019arranger pour la finale de l\u2019Euro. Le match, qui d\u00e9butera \u00e0 18 heures, se jouera en m\u00eame temps\u2026 que l\u2019arriv\u00e9e du Tour de France, dans une \u00e9tape qui promet d\u2019\u00eatre dynamit\u00e9e par la butte Montmartre.<\/p>\n<p>Les Fran\u00e7aises avaient vraiment pens\u00e9 \u00e0 tout.<\/p>\n<p>\t\t\t\t\t\t\t\t\t\t<a class=\"lien-connexe\" href=\"https:\/\/www.sofoot.com\/articles\/euro-f-2025-aitana-bonmati-le-phare-dans-la-nuit-espagnole-pour-decrocher-la-premiere-finale-europeenne-de-la-roja\" rel=\"nofollow noopener\" target=\"_blank\">Aitana Bonmat\u00ed, la libert\u00e9 guidant la Roja<\/a>\t\t\t\t\t<\/p>\n","protected":false},"excerpt":{"rendered":"Philippe is the best. Une demi-finale de l\u2019Euro, Les Invisibles et Cauchemar en cuisine. Trois programmes, tr\u00e8s diff\u00e9rents,&hellip;\n","protected":false},"author":2,"featured_media":270121,"comment_status":"","ping_status":"","sticky":false,"template":"","format":"standard","meta":{"footnotes":""},"categories":[1587],"tags":[47,11,61,672,69,1804,65,1805,1803,64,1777,674,63,1801,68,66,12,62,70,1802,67],"class_list":{"0":"post-270120","1":"post","2":"type-post","3":"status-publish","4":"format-standard","5":"has-post-thumbnail","7":"category-allemagne","8":"tag-actualite","9":"tag-actualites","10":"tag-actus-football","11":"tag-allemagne","12":"tag-bundesliga","13":"tag-bundesrepublik-deutschland","14":"tag-championnats-europeens","15":"tag-de","16":"tag-deutschland","17":"tag-equipe-de-france","18":"tag-eu","19":"tag-europe","20":"tag-football","21":"tag-germany","22":"tag-ligua","23":"tag-ligue-1","24":"tag-news","25":"tag-news-foot","26":"tag-premier-league","27":"tag-republique-federale-dallemagne","28":"tag-serie-a"},"share_on_mastodon":{"url":"https:\/\/pubeurope.com\/@fr\/114907483083176756","error":""},"_links":{"self":[{"href":"https:\/\/www.europesays.com\/fr\/wp-json\/wp\/v2\/posts\/270120","targetHints":{"allow":["GET"]}}],"collection":[{"href":"https:\/\/www.europesays.com\/fr\/wp-json\/wp\/v2\/posts"}],"about":[{"href":"https:\/\/www.europesays.com\/fr\/wp-json\/wp\/v2\/types\/post"}],"author":[{"embeddable":true,"href":"https:\/\/www.europesays.com\/fr\/wp-json\/wp\/v2\/users\/2"}],"replies":[{"embeddable":true,"href":"https:\/\/www.europesays.com\/fr\/wp-json\/wp\/v2\/comments?post=270120"}],"version-history":[{"count":0,"href":"https:\/\/www.europesays.com\/fr\/wp-json\/wp\/v2\/posts\/270120\/revisions"}],"wp:featuredmedia":[{"embeddable":true,"href":"https:\/\/www.europesays.com\/fr\/wp-json\/wp\/v2\/media\/270121"}],"wp:attachment":[{"href":"https:\/\/www.europesays.com\/fr\/wp-json\/wp\/v2\/media?parent=270120"}],"wp:term":[{"taxonomy":"category","embeddable":true,"href":"https:\/\/www.europesays.com\/fr\/wp-json\/wp\/v2\/categories?post=270120"},{"taxonomy":"post_tag","embeddable":true,"href":"https:\/\/www.europesays.com\/fr\/wp-json\/wp\/v2\/tags?post=270120"}],"curies":[{"name":"wp","href":"https:\/\/api.w.org\/{rel}","templated":true}]}}