{"id":270126,"date":"2025-07-24T09:25:11","date_gmt":"2025-07-24T09:25:11","guid":{"rendered":"https:\/\/www.europesays.com\/fr\/270126\/"},"modified":"2025-07-24T09:25:11","modified_gmt":"2025-07-24T09:25:11","slug":"le-corps-dun-homme-tue-par-balles-retrouve-dans-un-coffre-de-voiture","status":"publish","type":"post","link":"https:\/\/www.europesays.com\/fr\/270126\/","title":{"rendered":"Le corps d\u2019un homme tu\u00e9 par balles retrouv\u00e9 dans un coffre de voiture"},"content":{"rendered":"<p>Les circonstances sont encore myst\u00e9rieuses. Mercredi soir, aux alentours de 22h30, le corps d\u2019un<a href=\"https:\/\/www.20minutes.fr\/faits_divers\/faits-divers-marseille\/4155911-20250528-narcotrafic-marseille-jeune-17-ans-tue-balles-cite\" class=\"color-ultramarine c-link\" target=\"_blank\" rel=\"noopener\"> homme tu\u00e9 par balles<\/a> a \u00e9t\u00e9 d\u00e9couvert dans les <a href=\"https:\/\/www.20minutes.fr\/dossier\/quartiers_nord\" class=\"color-ultramarine c-link\" target=\"_blank\" rel=\"noopener\">quartiers nord de la ville<\/a>, selon une information de <a href=\"https:\/\/france3-regions.franceinfo.fr\/provence-alpes-cote-d-azur\/bouches-du-rhone\/marseille\/le-corps-d-un-homme-tue-par-balles-retrouve-dans-le-coffre-d-une-voiture-3192405.html\" rel=\"nofollow noopener\" target=\"_blank\" class=\"color-ultramarine c-link\">France Info<\/a>, confirm\u00e9e par le parquet de Marseille \u00e0 <a href=\"https:\/\/www.20minutes.fr\/\" class=\"color-ultramarine c-link\" target=\"_blank\" rel=\"noopener\">20 Minutes<\/a>.<\/p>\n<p>Alert\u00e9s par des riverains pour la tentative d\u2019incendie d\u2019un v\u00e9hicule, les secours ont d\u00e9couvert un homme en arr\u00eat cardio-respiratoire dans le coffre de cette voiture. L\u2019homme, gri\u00e8vement bless\u00e9 d\u2019une balle dans la t\u00eate, a \u00e9t\u00e9 d\u00e9clar\u00e9 mort sur place, les secours n\u2019ayant pas r\u00e9ussi \u00e0 le ranimer.<\/p>\n<p>Un possible \u00ab\u00a0narchomicide\u00a0\u00bb\u00a0?<\/p>\n<p>Les faits se sont d\u00e9roul\u00e9s dans le 14e\u00a0arrondissement, dans les quartiers nord de la ville, proche de la cit\u00e9 SNCF. L\u2019identit\u00e9 et l\u2019\u00e2ge de la victime n\u2019ont pas encore \u00e9t\u00e9 communiqu\u00e9s. Selon une source polici\u00e8re, les personnes ayant tent\u00e9 de mettre le feu au v\u00e9hicule ont pris la fuite.<\/p>\n<\/p>\n<p>Une enqu\u00eate en flagrance a \u00e9t\u00e9 ouverte, confirme le tribunal judiciaire de Marseille et a \u00e9t\u00e9 confi\u00e9e \u00e0 la division de la criminalit\u00e9 organis\u00e9e et sp\u00e9cialis\u00e9e de la police judiciaire. Aucune interpellation n\u2019a encore eu lieu \u00e0 ce stade.<\/p>\n<p>Si le lien entre cet homicide et le narcobanditisme n\u2019a pas encore \u00e9t\u00e9 \u00e9tabli officiellement, la m\u00e9thode utilis\u00e9e, ainsi que le lieu de la d\u00e9couverte, fait clairement penser \u00e0 un <a href=\"https:\/\/www.20minutes.fr\/faits_divers\/faits-divers-marseille\/4113932-20241006-marseille-sauvagerie-ultrarajeunissement-criminels-point-deux-narchomicides-survenus-semaine\" class=\"color-ultramarine c-link\" target=\"_blank\" rel=\"noopener\">nouveau \u00ab\u00a0narchomicide\u00a0\u00bb<\/a>. Si cette th\u00e8se \u00e9tait confirm\u00e9e, ce serait le 8e narchomicide cette ann\u00e9e dans le d\u00e9partement, apr\u00e8s 24 morts en\u00a02024 et 49 morts, un record, en\u00a02023.<\/p>\n","protected":false},"excerpt":{"rendered":"Les circonstances sont encore myst\u00e9rieuses. Mercredi soir, aux alentours de 22h30, le corps d\u2019un homme tu\u00e9 par balles&hellip;\n","protected":false},"author":2,"featured_media":270127,"comment_status":"","ping_status":"","sticky":false,"template":"","format":"standard","meta":{"footnotes":""},"categories":[2],"tags":[47,11,6744,1052,118,7505,1011,27,777,813,12,1072,33962,25,887],"class_list":{"0":"post-270126","1":"post","2":"type-post","3":"status-publish","4":"format-standard","5":"has-post-thumbnail","7":"category-actualites","8":"tag-actualite","9":"tag-actualites","10":"tag-assassinat","11":"tag-drogue","12":"tag-faits-divers","13":"tag-faits-divers-marseille","14":"tag-fr","15":"tag-france","16":"tag-meurtre","17":"tag-narcotrafiquants","18":"tag-news","19":"tag-police","20":"tag-quartiers-nord-de-marseille","21":"tag-republique-francaise","22":"tag-trafic-de-drogue"},"share_on_mastodon":{"url":"https:\/\/pubeurope.com\/@fr\/114907494688529758","error":""},"_links":{"self":[{"href":"https:\/\/www.europesays.com\/fr\/wp-json\/wp\/v2\/posts\/270126","targetHints":{"allow":["GET"]}}],"collection":[{"href":"https:\/\/www.europesays.com\/fr\/wp-json\/wp\/v2\/posts"}],"about":[{"href":"https:\/\/www.europesays.com\/fr\/wp-json\/wp\/v2\/types\/post"}],"author":[{"embeddable":true,"href":"https:\/\/www.europesays.com\/fr\/wp-json\/wp\/v2\/users\/2"}],"replies":[{"embeddable":true,"href":"https:\/\/www.europesays.com\/fr\/wp-json\/wp\/v2\/comments?post=270126"}],"version-history":[{"count":0,"href":"https:\/\/www.europesays.com\/fr\/wp-json\/wp\/v2\/posts\/270126\/revisions"}],"wp:featuredmedia":[{"embeddable":true,"href":"https:\/\/www.europesays.com\/fr\/wp-json\/wp\/v2\/media\/270127"}],"wp:attachment":[{"href":"https:\/\/www.europesays.com\/fr\/wp-json\/wp\/v2\/media?parent=270126"}],"wp:term":[{"taxonomy":"category","embeddable":true,"href":"https:\/\/www.europesays.com\/fr\/wp-json\/wp\/v2\/categories?post=270126"},{"taxonomy":"post_tag","embeddable":true,"href":"https:\/\/www.europesays.com\/fr\/wp-json\/wp\/v2\/tags?post=270126"}],"curies":[{"name":"wp","href":"https:\/\/api.w.org\/{rel}","templated":true}]}}