{"id":270130,"date":"2025-07-24T09:27:09","date_gmt":"2025-07-24T09:27:09","guid":{"rendered":"https:\/\/www.europesays.com\/fr\/270130\/"},"modified":"2025-07-24T09:27:09","modified_gmt":"2025-07-24T09:27:09","slug":"le-tour-de-france-de-tadej-pogacar-reflet-dun-pays-qui-a-pris-gout-a-la-souffrance","status":"publish","type":"post","link":"https:\/\/www.europesays.com\/fr\/270130\/","title":{"rendered":"Le Tour de France de Tadej Pogacar, reflet d\u2019un pays qui a pris go\u00fbt \u00e0 la souffrance"},"content":{"rendered":"\n<p>Lorsque, le 16\u00a0juillet, Tadej Pogacar a chut\u00e9 dans la\u00a0onzi\u00e8me \u00e9tape du Tour de France, en se cognant la t\u00eate sur le bord du trottoir, notre super-h\u00e9ros du cyclisme aurait pu voir ses r\u00eaves s\u2019envoler en une fraction de seconde. Et les n\u00f4tres aussi, en nous privant d\u2019une joie que seul le cyclisme est capable de procurer.<\/p>\n<p>Cependant,<strong> <\/strong>le drame a vite fait place au triomphe. D\u00e8s le lendemain [\u00e0 Hautacam, dans les Pyr\u00e9n\u00e9es], Tadej a \u00e9cras\u00e9 tous ses rivaux dans l\u2019\u00e9tape suivante de la\u00a0plus importante course cycliste du monde, \u201cla course de toutes les courses\u201d.<\/p>\n<p> Suspicion <\/p>\n<p>Le Tour de France est une comp\u00e9tition unique\u00a0: le Wimbledon du cyclisme, l\u2019\u00e9quivalent du concours de saut \u00e0 ski du Nouvel An ou du Masters de golf. Celui qui ne le remporte pas est tout simplement oubli\u00e9.<\/p>\n<p>Le deuxi\u00e8me meilleur Slov\u00e8ne, Primoz Roglic, M.\u00a0Poisse du peloton [qui avait perdu le Tour en\u00a02020 face \u00e0 Tadej Pogacar dans l\u2019avant-derni\u00e8re \u00e9tape], finira dans cette cat\u00e9gorie. Et ce malgr\u00e9 toutes ses victoires, et malgr\u00e9 le rang auquel il a hiss\u00e9 la Slov\u00e9nie parmi les superpuissances cyclistes mondiales. Il ne montera jamais sur la plus haute marche \u00e0 Paris avec le maillot jaune.<\/p>\n<p>Contrairement \u00e0 Tadej Pogacar, qui peut se rapprocher de ceux qui ont remport\u00e9 cinq fois le Tour, voire les surpasser [il a pour l\u2019instant r<\/p>\n","protected":false},"excerpt":{"rendered":"Lorsque, le 16\u00a0juillet, Tadej Pogacar a chut\u00e9 dans la\u00a0onzi\u00e8me \u00e9tape du Tour de France, en se cognant la&hellip;\n","protected":false},"author":2,"featured_media":270131,"comment_status":"","ping_status":"","sticky":false,"template":"","format":"standard","meta":{"footnotes":""},"categories":[4],"tags":[11,207,674,1011,27,12,25,38793,1857,517,210],"class_list":{"0":"post-270130","1":"post","2":"type-post","3":"status-publish","4":"format-standard","5":"has-post-thumbnail","7":"category-france","8":"tag-actualites","9":"tag-cyclisme","10":"tag-europe","11":"tag-fr","12":"tag-france","13":"tag-news","14":"tag-republique-francaise","15":"tag-slovu00e9nie","16":"tag-sociu00e9tu00e9","17":"tag-sport","18":"tag-tour-de-france"},"share_on_mastodon":{"url":"https:\/\/pubeurope.com\/@fr\/114907502795836293","error":""},"_links":{"self":[{"href":"https:\/\/www.europesays.com\/fr\/wp-json\/wp\/v2\/posts\/270130","targetHints":{"allow":["GET"]}}],"collection":[{"href":"https:\/\/www.europesays.com\/fr\/wp-json\/wp\/v2\/posts"}],"about":[{"href":"https:\/\/www.europesays.com\/fr\/wp-json\/wp\/v2\/types\/post"}],"author":[{"embeddable":true,"href":"https:\/\/www.europesays.com\/fr\/wp-json\/wp\/v2\/users\/2"}],"replies":[{"embeddable":true,"href":"https:\/\/www.europesays.com\/fr\/wp-json\/wp\/v2\/comments?post=270130"}],"version-history":[{"count":0,"href":"https:\/\/www.europesays.com\/fr\/wp-json\/wp\/v2\/posts\/270130\/revisions"}],"wp:featuredmedia":[{"embeddable":true,"href":"https:\/\/www.europesays.com\/fr\/wp-json\/wp\/v2\/media\/270131"}],"wp:attachment":[{"href":"https:\/\/www.europesays.com\/fr\/wp-json\/wp\/v2\/media?parent=270130"}],"wp:term":[{"taxonomy":"category","embeddable":true,"href":"https:\/\/www.europesays.com\/fr\/wp-json\/wp\/v2\/categories?post=270130"},{"taxonomy":"post_tag","embeddable":true,"href":"https:\/\/www.europesays.com\/fr\/wp-json\/wp\/v2\/tags?post=270130"}],"curies":[{"name":"wp","href":"https:\/\/api.w.org\/{rel}","templated":true}]}}