{"id":270132,"date":"2025-07-24T09:28:19","date_gmt":"2025-07-24T09:28:19","guid":{"rendered":"https:\/\/www.europesays.com\/fr\/270132\/"},"modified":"2025-07-24T09:28:19","modified_gmt":"2025-07-24T09:28:19","slug":"biarritz-cup-lelegance-de-victor-dubuisson-sur-le-parcours-et-dans-le-geste","status":"publish","type":"post","link":"https:\/\/www.europesays.com\/fr\/270132\/","title":{"rendered":"Biarritz Cup : l\u2019\u00e9l\u00e9gance de Victor Dubuisson, sur le parcours et dans le geste"},"content":{"rendered":"<p>\t\t\t\t\t\t<img width=\"770\" height=\"556\" src=\"https:\/\/www.europesays.com\/fr\/wp-content\/uploads\/2025\/07\/dubuisson-biarritz-cup-pierre-chabot-770x556.jpg\" class=\"img-responsive wp-post-image\" alt=\"\" decoding=\"async\" fetchpriority=\"high\"  \/>\t\t\t\t\t<\/p>\n<p>\t\t\t\t\t\t Partager cet article <\/p>\n<p class=\"screen-reader-text juiz_sps_maybe_hidden_text\">Partager la publication \u00ab\u00a0Biarritz Cup : l\u2019\u00e9l\u00e9gance de Victor Dubuisson, sur le parcours et dans le geste\u00a0\u00bb<\/p>\n<p><strong>En marge de la Biarritz Cup by C&amp;S Partners, Victor Dubuisson a particip\u00e9 au Pro-Am de l\u2019\u00e9v\u00e9nement avec trois jeunes des \u00e9quipes du Golf de Biarritz Le Phare.<\/strong><\/p>\n<p>\t\t\t\t\t<a id=\"178017\" href=\"https:\/\/www.formigolf.fr\/voyage-pays~jardin-de-tecina-4etoiles-la-gomera~75~canaries\" target=\"_blank\" rel=\"sponsorised nofollow noopener\"><img decoding=\"async\" src=\"data:image\/svg+xml,%3Csvg%20xmlns=\" http:=\"\" class=\"img-responsive\" alt=\"\" data-lazy-src=\"https:\/\/www.europesays.com\/fr\/wp-content\/uploads\/2025\/07\/formigolf-e07-canaries-gomera-1170x275-1.gif\"\/><\/a><\/p>\n<p><strong>N.C., \u00e0 Biarritz<\/strong><\/p>\n<p><a href=\"https:\/\/www.golfplanete.com\/actualites\/victor-dubuisson-en-visite-au-golf-de-biarritz\/\" rel=\"nofollow noopener\" target=\"_blank\">Comme l\u2019an dernier<\/a>, <strong>Victor Dubuisson<\/strong> est en visite au Pays basque \u00e0 la fin juillet pour l\u2019historique <strong>Biarritz Cup<\/strong>, qui f\u00eate ses 126 ans. Pour cette \u00e9dition, les organisateurs ont d\u00e9cid\u00e9 de s\u2019associer avec l\u2019<strong>Alps Tour<\/strong> pour un tournoi m\u00ealant 60 pros et 60 amateurs de haut niveau.<\/p>\n<p>\t\t\t\t\t<a id=\"180479\" href=\"https:\/\/www.swing.fr\/voyage\/35-14eme-edition-des-doubles-gosset-by-beachcomber\" target=\"_blank\" rel=\"sponsorised nofollow noopener\"><img decoding=\"async\" src=\"data:image\/svg+xml,%3Csvg%20xmlns=\" http:=\"\" class=\"img-responsive\" alt=\"\" data-lazy-src=\"https:\/\/www.europesays.com\/fr\/wp-content\/uploads\/2025\/07\/beachcomber-e01-doubles-gosset-26-1170x275-1.jpg\"\/><\/a><\/p>\n<blockquote class=\"instagram-media\" style=\"background: #FFF; border: 0; border-radius: 3px; box-shadow: 0 0 1px 0 rgba(0,0,0,0.5),0 1px 10px 0 rgba(0,0,0,0.15); margin: 1px; max-width: 540px; min-width: 326px; padding: 0; width: calc(100% - 2px);\" data-instgrm-captioned=\"\" data-instgrm-permalink=\"https:\/\/www.instagram.com\/reel\/DMe3_ApMcJM\/?utm_source=ig_embed&amp;utm_campaign=loading\" data-instgrm-version=\"14\">\n<\/blockquote>\n<p>\t\t\t\t\t<a id=\"180473\" href=\"https:\/\/eu.ping.com\/fr-fr\/clubs\/irons\/idi\" target=\"_blank\" rel=\"sponsorised nofollow noopener\"><img decoding=\"async\" src=\"data:image\/svg+xml,%3Csvg%20xmlns=\" http:=\"\" class=\"img-responsive\" alt=\"\" data-lazy-src=\"https:\/\/www.europesays.com\/fr\/wp-content\/uploads\/2025\/07\/ping-e07-fers-idi-1170x275-1.jpg\"\/><\/a><\/p>\n<p><a href=\"https:\/\/www.golfplanete.com\/actualites\/victor-dubuisson-au-depart-dun-tournoi-pro-a-la-fin-du-mois\/\" rel=\"nofollow noopener\" target=\"_blank\">Invit\u00e9 par son ami et sponsor titre G\u00e9rald Bouhourd<\/a>, Victor Dubuisson disputera le tournoi de vendredi \u00e0 dimanche. Ce mercredi, le retrait\u00e9 des circuits \u00e2g\u00e9 de 35 ans a particip\u00e9 au Pro-Am de l\u2019\u00e9preuve (il a laiss\u00e9 la prime de d\u00e9part). Il a partag\u00e9 sa partie avec trois jeunes membres des \u00e9quipes de Biarritz.<\/p>\n<p>\u00ab C\u2019est une exp\u00e9rience incroyable de jouer avec un ancien joueur de Ryder Cup, raconte <strong>Alexandre Bauduin<\/strong>, qui jouera \u00e9galement l\u2019\u00e9v\u00e9nement. C\u2019est impressionnant de voir son niveau de jeu, on voit qu\u2019il est au-dessus. Il est tr\u00e8s consistant, il loupe tr\u00e8s peu, le contact de balle est diff\u00e9rent. Et on voit le talent au petit jeu, il sait traficoter les coups. On a un peu discut\u00e9 de ses meilleurs souvenirs, de ce qu\u2019il y a de diff\u00e9rent sur le Tour. C\u2019\u00e9tait tr\u00e8s int\u00e9ressant car j\u2019aimerais faire une carri\u00e8re pro plus tard. \u00bb<\/p>\n<p>\u00ab C\u2019\u00e9tait g\u00e9nial, s\u2019est r\u00e9jouie <strong>Juliette Hol\u00e9<\/strong>, s\u0153ur d\u2019<strong>Augustin<\/strong>, qui s\u2019\u00e9lancera ce vendredi pour le tournoi f\u00e9minin tout comme la derni\u00e8re membre de l\u2019\u00e9quipe, <strong>Florence Laforgue<\/strong>. Le voir jouer, sa mani\u00e8re de faire les choses, c\u2019est int\u00e9ressant \u00e0 observer. Il est tr\u00e8s r\u00e9gulier. Et il a \u00e9t\u00e9 super sympa avec nous et tr\u00e8s abordable : il nous a encourag\u00e9s, f\u00e9licit\u00e9s et nous a donn\u00e9 des petits conseils. \u00bb<\/p>\n<p>\t\t\t\t\t<a id=\"179385\" href=\"https:\/\/tickets.europeantour.com\/eut\/#\/c6906933-bb43-434b-a22d-0ae172a572d4\/shop\/custom-pack?fac=EUT&amp;locale=fr&amp;skin=pgaetodf&amp;utm_campaign=ODF&amp;utm_content=Ticketing&amp;utm_medium=Web&amp;utm_source=Partner&amp;utm_term=PavonGolfPlanete\" target=\"_blank\" rel=\"sponsorised nofollow noopener\"><img decoding=\"async\" src=\"data:image\/svg+xml,%3Csvg%20xmlns=\" http:=\"\" class=\"img-responsive\" alt=\"\" data-lazy-src=\"https:\/\/www.europesays.com\/fr\/wp-content\/uploads\/2025\/07\/opendefrance-e03-plateau-1407-1170x275-1.jpg\"\/><\/a><br \/>\nPas de prize money et un gros cadeau<\/p>\n<p>Victor Dubuisson se montre g\u00e9n\u00e9reux avec l\u2019\u00e9v\u00e9nement et ses participants. Le vainqueur de la <strong>Ryder Cup 2014 <\/strong>\u00e0 Gleneagles (Ecosse) a en effet annonc\u00e9 qu\u2019il renoncerait \u00e0 son prize money s\u2019il venait \u00e0 passer le cut. De plus, il offrira aux participants de la premi\u00e8re s\u00e9rie les repas durant les trois jours de comp\u00e9tition. Chacun recevra trois coupons de cinq euros par jour \u00e0 utiliser au restaurant du golf.<\/p>\n<p>\u00a0<\/p>\n<p>\u00a0<\/p>\n<p>\u00a9 Pierre Chabot \/ Biarritz Cup<\/p>\n<p>\t\t\t<script async src=\"\/\/www.instagram.com\/embed.js\"><\/script><\/p>\n","protected":false},"excerpt":{"rendered":"Partager cet article Partager la publication \u00ab\u00a0Biarritz Cup : l\u2019\u00e9l\u00e9gance de Victor Dubuisson, sur le parcours et dans&hellip;\n","protected":false},"author":2,"featured_media":270133,"comment_status":"","ping_status":"","sticky":false,"template":"","format":"standard","meta":{"footnotes":""},"categories":[1418],"tags":[1011,27,1472,60],"class_list":{"0":"post-270132","1":"post","2":"type-post","3":"status-publish","4":"format-standard","5":"has-post-thumbnail","7":"category-golf","8":"tag-fr","9":"tag-france","10":"tag-golf","11":"tag-sports"},"share_on_mastodon":{"url":"https:\/\/pubeurope.com\/@fr\/114907506456504014","error":""},"_links":{"self":[{"href":"https:\/\/www.europesays.com\/fr\/wp-json\/wp\/v2\/posts\/270132","targetHints":{"allow":["GET"]}}],"collection":[{"href":"https:\/\/www.europesays.com\/fr\/wp-json\/wp\/v2\/posts"}],"about":[{"href":"https:\/\/www.europesays.com\/fr\/wp-json\/wp\/v2\/types\/post"}],"author":[{"embeddable":true,"href":"https:\/\/www.europesays.com\/fr\/wp-json\/wp\/v2\/users\/2"}],"replies":[{"embeddable":true,"href":"https:\/\/www.europesays.com\/fr\/wp-json\/wp\/v2\/comments?post=270132"}],"version-history":[{"count":0,"href":"https:\/\/www.europesays.com\/fr\/wp-json\/wp\/v2\/posts\/270132\/revisions"}],"wp:featuredmedia":[{"embeddable":true,"href":"https:\/\/www.europesays.com\/fr\/wp-json\/wp\/v2\/media\/270133"}],"wp:attachment":[{"href":"https:\/\/www.europesays.com\/fr\/wp-json\/wp\/v2\/media?parent=270132"}],"wp:term":[{"taxonomy":"category","embeddable":true,"href":"https:\/\/www.europesays.com\/fr\/wp-json\/wp\/v2\/categories?post=270132"},{"taxonomy":"post_tag","embeddable":true,"href":"https:\/\/www.europesays.com\/fr\/wp-json\/wp\/v2\/tags?post=270132"}],"curies":[{"name":"wp","href":"https:\/\/api.w.org\/{rel}","templated":true}]}}