{"id":270134,"date":"2025-07-24T09:30:21","date_gmt":"2025-07-24T09:30:21","guid":{"rendered":"https:\/\/www.europesays.com\/fr\/270134\/"},"modified":"2025-07-24T09:30:21","modified_gmt":"2025-07-24T09:30:21","slug":"des-cadres-revanchards-des-recrues-particulierement-attenduesles-cinq-joueurs-a-suivre-cette-saison","status":"publish","type":"post","link":"https:\/\/www.europesays.com\/fr\/270134\/","title":{"rendered":"des cadres revanchards, des recrues particuli\u00e8rement attendues\u2026les cinq joueurs \u00e0 suivre cette saison !"},"content":{"rendered":"<p>Le Stade Rochelais a vu sa courbe ascendante prendre un s\u00e9rieux coup d\u2019arr\u00eat. En constante progression depuis sa remont\u00e9e dans l\u2019\u00e9lite, le club \u00e0 la caravelle s\u2019\u00e9tait install\u00e9 au sommet du rugby europ\u00e9en, remportant la Champions Cup \u00e0 deux reprises en 2022 et 2023. Les co\u00e9quipiers de Gr\u00e9gory Alldritt avaient \u00e9galement tent\u00e9 sans succ\u00e8s de mettre fin \u00e0 l\u2019h\u00e9g\u00e9monie toulousaine, perdant \u00e0 deux reprises la finale du Top 14.<\/p>\n<p>L\u2019an pass\u00e9, les Maritimes ont connu une saison noire, traversant une terrible s\u00e9rie sans victoire au c\u0153ur de l\u2019hiver et pensant un temps jouer leur survie dans l\u2019\u00e9lite. Avec un effectif vieillissant et des cadres \u00e9mouss\u00e9s, La Rochelle a rat\u00e9 la qualification pour les phases finales, une premi\u00e8re depuis 2018. D\u00e9sormais, les hommes de Ronan O\u2019Gara veulent se relever et ont effectu\u00e9 un recrutement ambitieux. Retrouvez les cinq joueurs \u00e0 suivre pour permettre aux Jaune et Noir de retrouver les sommets.<\/p>\n<ol>\n<li>Nolann Le Garrec, symbole d&rsquo;un recrutement ambitieux<\/li>\n<\/ol>\n<p>Le Stade Rochelais avait identifi\u00e9 ce manque bien en amont. Face \u00e0 un effectif vieillissant, la direction a d\u00e9cid\u00e9 d\u2019injecter du sang neuf. Pour remplacer un Tawera Kerr-Barlow moins d\u00e9cisif, les Maritimes ont d\u00e9cid\u00e9 de miser sur Nolann Le Garrec. Consid\u00e9r\u00e9 comme le plus grand talent \u00e0 son poste derri\u00e8re les intouchables Dupont et Lucu, l\u2019ancien Racingman veut franchir un cap dans sa carri\u00e8re. Son association avec Antoine Hastoy fait saliver et de leurs performances pourraient grandement d\u00e9pendre l\u2019avenir du Stade Rochelais. Ce recrutement marque \u00e9galement la volont\u00e9 du club de d\u00e9velopper un jeu plus offensif alors que les avants ont fait la r\u00e9putation et le succ\u00e8s des hommes d\u2019O\u2019Gara.<\/p>\n<p>\u00a0<\/p>\n<p><img loading=\"lazy\" decoding=\"async\" alt=\"\" class=\"size-thumbnail wp-image-13145\" height=\"267\" src=\"https:\/\/www.europesays.com\/fr\/wp-content\/uploads\/2025\/07\/ICONSPORT_264754_0023-500x267.jpg\" width=\"500\"\/> Nolann Le Garrec<\/p>\n<ol>\n<li>Will Skelton, des doutes \u00e0 lever<\/li>\n<\/ol>\n<p>Il symbolise \u00e0 lui seul la r\u00e9ussite de ce Stade Rochelais. Arriv\u00e9 en 2020 en France apr\u00e8s avoir conquis l\u2019Europe avec les Saracens, Will Skelton a directement impos\u00e9 sa puissance physique dans le Top 14. Fer de lance du pack si redout\u00e9 des Maritimes, l\u2019Australien sort d\u2019une saison d\u00e9licate. Alors qu\u2019il ne dispose pas d\u2019une concurrence \u00e0 sa hauteur, le deuxi\u00e8me-ligne a parfois sembl\u00e9 choisir ses matchs et a eu du mal \u00e0 \u00e9lever son niveau ou \u00e0 maintenir son \u00e9quipe \u00e0 flot lors de l\u2019absence des internationaux. Il aura \u00e0 c\u0153ur de faire taire les critiques naissantes et de retrouver son niveau pour aller chercher un nouveau titre avec La Rochelle.<\/p>\n<p><img loading=\"lazy\" decoding=\"async\" alt=\"\" class=\"size-thumbnail wp-image-13140\" height=\"267\" src=\"https:\/\/www.europesays.com\/fr\/wp-content\/uploads\/2025\/07\/ICONSPORT_261915_0068-500x267.jpg\" width=\"500\"\/> William Skelton<\/p>\n<ol>\n<li>Hoani Bosmorin, une \u00e9closion attendue<\/li>\n<\/ol>\n<p>Il fait partie des rares satisfactions de la derni\u00e8re saison du Stade Rochelais. Dans une ligne de trois-quarts amorphe et sans id\u00e9es, le jeune Hoani Bosmorin a apport\u00e9 tout son dynamisme. Capable de d\u00e9panner \u00e0 la m\u00eal\u00e9e en plus d\u2019assurer sur son aile, le jeune international U20 s\u2019est peu \u00e0 peu fait une place dans l\u2019effectif. Il aura \u00e0 c\u0153ur de poursuivre sa progression pour devenir un incontournable aux yeux du staff de Ronan O\u2019Gara et pourquoi pas taper \u00e0 la porte du XV de France. Avec les arriv\u00e9es de Ninashvili, Le Garrec ou Pacome, le virage offensif pris par La Rochelle devrait lui aller \u00e0 merveille.<\/p>\n<p><img loading=\"lazy\" decoding=\"async\" alt=\"\" class=\"size-thumbnail wp-image-13137\" height=\"267\" src=\"https:\/\/www.europesays.com\/fr\/wp-content\/uploads\/2025\/07\/ICONSPORT_261915_0019-500x267.jpg\" width=\"500\"\/> Hoani Bosmorin<\/p>\n<ol>\n<li>Davit Niniashvili, un plafond \u00e0 exploser<\/li>\n<\/ol>\n<p>En plus de Nolann Le Garrec, le Stade Rochelais s\u2019est offert l\u2019un des joueurs les plus emballants du Top 14. Intenable, que ce soit avec le LOU ou la G\u00e9orgie, Davit Niniashvili a d\u00e9cid\u00e9 de quitter Lyon pour franchir un palier dans sa carri\u00e8re. L\u2019arri\u00e8re semble promis \u00e0 une place de titulaire avec la retraite de Brice Dulin. Ses initiatives et ses qualit\u00e9s de vitesse pourraient offrir de nombreuses solutions \u00e0 l\u2019attaque rochelaise, o\u00f9 son association avec Le Garrec, Hastoy ou Pacome promet.<\/p>\n<p><img loading=\"lazy\" decoding=\"async\" alt=\"\" class=\"size-thumbnail wp-image-13143\" height=\"267\" src=\"https:\/\/www.europesays.com\/fr\/wp-content\/uploads\/2025\/07\/ICONSPORT_263637_0034-500x267.jpg\" width=\"500\"\/> Davit Niniashvili<\/p>\n<ol>\n<li>Paul Boudehent, le nouveau patron\u00a0?<\/li>\n<\/ol>\n<p>Derri\u00e8re l\u2019inamovible Gr\u00e9gory Alldritt, Paul Bouedehent a pris une nouvelle dimension la saison pass\u00e9e. Le troisi\u00e8me-ligne, dot\u00e9 d\u2019une puissance peu commune, s\u2019est impos\u00e9 avec le XV de France et a impressionn\u00e9, que ce soit en novembre ou lors du Six Nations. Avec les Rochelais, il a fait partie des rares \u00e0 assumer son niveau. Si les Maritimes veulent retrouver un statut plus conforme \u00e0 leur ambition, cela passera forc\u00e9ment par un grand Paul Boudehent. Au vues de ses performances et de sa r\u00e9gularit\u00e9, les doutes s\u2019amenuisent.<\/p>\n<p><img loading=\"lazy\" decoding=\"async\" alt=\"\" class=\"size-thumbnail wp-image-13134\" height=\"267\" src=\"https:\/\/www.europesays.com\/fr\/wp-content\/uploads\/2025\/07\/ICONSPORT_261420_0160-500x267.jpg\" width=\"500\"\/> Paul Boudehent<\/p>\n<p>Partagez cette info avec vos amis et vos proches en cliquant ici<br \/>Pour r\u00e9sumer<\/p>\n<p>Apr\u00e8s une saison rat\u00e9e dans les grandes largeurs et marquant la fin d\u2019un cycle, le Stade Rochelais est revanchard et veut se relever. Pour cela, le club devra compter sur des recrues attendues et des cadres revanchards. Retrouvez les cinq joueurs \u00e0 suivre.<\/p>\n<p> <img decoding=\"async\" width=\"76\" height=\"76\" loading=\"lazy\" src=\"https:\/\/www.europesays.com\/fr\/wp-content\/uploads\/2025\/04\/avatar-quinze.png\" alt=\"Arnaud D\u00e9chelotte\"\/><\/p>\n","protected":false},"excerpt":{"rendered":"Le Stade Rochelais a vu sa courbe ascendante prendre un s\u00e9rieux coup d\u2019arr\u00eat. En constante progression depuis sa&hellip;\n","protected":false},"author":2,"featured_media":270135,"comment_status":"","ping_status":"","sticky":false,"template":"","format":"standard","meta":{"footnotes":""},"categories":[1416],"tags":[1011,27,479,1468,60],"class_list":{"0":"post-270134","1":"post","2":"type-post","3":"status-publish","4":"format-standard","5":"has-post-thumbnail","7":"category-rugby","8":"tag-fr","9":"tag-france","10":"tag-rugby","11":"tag-rugby-football","12":"tag-sports"},"share_on_mastodon":{"url":"https:\/\/pubeurope.com\/@fr\/114907514528549146","error":""},"_links":{"self":[{"href":"https:\/\/www.europesays.com\/fr\/wp-json\/wp\/v2\/posts\/270134","targetHints":{"allow":["GET"]}}],"collection":[{"href":"https:\/\/www.europesays.com\/fr\/wp-json\/wp\/v2\/posts"}],"about":[{"href":"https:\/\/www.europesays.com\/fr\/wp-json\/wp\/v2\/types\/post"}],"author":[{"embeddable":true,"href":"https:\/\/www.europesays.com\/fr\/wp-json\/wp\/v2\/users\/2"}],"replies":[{"embeddable":true,"href":"https:\/\/www.europesays.com\/fr\/wp-json\/wp\/v2\/comments?post=270134"}],"version-history":[{"count":0,"href":"https:\/\/www.europesays.com\/fr\/wp-json\/wp\/v2\/posts\/270134\/revisions"}],"wp:featuredmedia":[{"embeddable":true,"href":"https:\/\/www.europesays.com\/fr\/wp-json\/wp\/v2\/media\/270135"}],"wp:attachment":[{"href":"https:\/\/www.europesays.com\/fr\/wp-json\/wp\/v2\/media?parent=270134"}],"wp:term":[{"taxonomy":"category","embeddable":true,"href":"https:\/\/www.europesays.com\/fr\/wp-json\/wp\/v2\/categories?post=270134"},{"taxonomy":"post_tag","embeddable":true,"href":"https:\/\/www.europesays.com\/fr\/wp-json\/wp\/v2\/tags?post=270134"}],"curies":[{"name":"wp","href":"https:\/\/api.w.org\/{rel}","templated":true}]}}