{"id":270144,"date":"2025-07-24T09:37:10","date_gmt":"2025-07-24T09:37:10","guid":{"rendered":"https:\/\/www.europesays.com\/fr\/270144\/"},"modified":"2025-07-24T09:37:10","modified_gmt":"2025-07-24T09:37:10","slug":"gims-assure-quil-ny-aura-pas-de-duo-avec-lara-trump","status":"publish","type":"post","link":"https:\/\/www.europesays.com\/fr\/270144\/","title":{"rendered":"Gims assure qu\u2019il n\u2019y aura pas de duo avec Lara Trump"},"content":{"rendered":"<p>Le chanteur a d\u00e9menti sur son compte Instagram la sortie d\u2019un titre enregistr\u00e9 avec la belle-fille de Donald Trump.<\/p>\n<p class=\"fig-paragraph\">La nouvelle a fait un toll\u00e9 sur la toile. Le 21 juillet,\u00a0<a href=\"https:\/\/www.leparisien.fr\/culture-loisirs\/musique\/quand-gims-chante-avec-lara-trump-les-coulisses-de-la-collaboration-musicale-la-plus-improbable-de-lannee-21-07-2025-3PZTX22OYJGAFG5WF7SIB2IKUQ.php\" target=\"_blank\" rel=\"sponsored noopener nofollow\" data-gtm-custom-categorie=\"navigation\" data-gtm-custom-action=\"crossclick\" data-gtm-custom-label=\"Contextuel\" data-gtm-event=\"customEventSPE\">Le Parisien annon\u00e7ait dans ses colonnes<\/a>\u00a0la sortie prochaine d\u2019une chanson entre\u00a0<a href=\"http:\/\/www.lefigaro.fr\/musique\/gims-sabrina-carpenter-ed-sheeran-qui-decrochera-le-titre-du-tube-de-l-ete-2025-20250628\" data-fig-type=\"Article\" data-gtm-custom-categorie=\"navigation\" data-gtm-custom-action=\"crossclick\" data-gtm-custom-label=\"Contextuel\" data-gtm-event=\"customEventSPE\" data-fig-domain=\"LEFIGARO\" rel=\"nofollow noopener\" target=\"_blank\">Gims<\/a>\u00a0et\u00a0<a href=\"http:\/\/madame.lefigaro.fr\/societe\/actu\/qui-est-lara-trump-la-belle-fille-de-donald-trump-qui-prepare-une-chanson-improbable-avec-gims-20250722\" data-fig-type=\"Article\" data-gtm-custom-categorie=\"navigation\" data-gtm-custom-action=\"crossclick\" data-gtm-custom-label=\"Contextuel\" data-gtm-event=\"customEventSPE\" data-fig-domain=\"MADAME\" rel=\"nofollow noopener\" target=\"_blank\">Lara Trump<\/a>, la belle-fille du pr\u00e9sident am\u00e9ricain. Deux jours plus tard, le chanteur congolais d\u00e9ment sur les r\u00e9seaux sociaux cette collaboration musicale. \u00ab\u00a0Il n\u2019y aura pas de featuring avec Trump\u00a0\u00bb, assure-t-il dans une story partag\u00e9e sur son compte Instagram et dans les commentaires de plusieurs publications r\u00e9pandant la fausse nouvelle.<\/p>\n<p class=\"fig-paragraph\">\u00ab\u00a0Bien tent\u00e9, mais le downfall (la chute, NDLR), ce n\u2019est pas pour maintenant\u00a0\u00bb, poursuit-il. L\u2019information a \u00e9t\u00e9 relay\u00e9e par le producteur, Liil-Serge Mbeutcha. Ce dernier a d\u00e9clar\u00e9 lundi que Lara Trump\u00a0&#8211;\u00a0personnalit\u00e9 politique am\u00e9ricaine reconvertie en chanteuse country et \u00e9pouse d\u2019\u00c9ric Trump, troisi\u00e8me fils<a href=\"http:\/\/www.lefigaro.fr\/international\/dossier\/donald-trump-investi-47e-president-des-etats-unis-notre-dossier-pour-tout-comprendre\" data-fig-type=\"Topic\" data-gtm-custom-categorie=\"navigation\" data-gtm-custom-action=\"crossclick\" data-gtm-custom-label=\"Contextuel\" data-gtm-event=\"customEventSPE\" data-fig-domain=\"LEFIGARO\" rel=\"nofollow noopener\" target=\"_blank\">\u00a0du pr\u00e9sident am\u00e9ricain<\/a>\u00a0&#8211;\u00a0avait entrepris cette collaboration. \u00ab\u00a0Les id\u00e9es ont fus\u00e9, a-t-il confi\u00e9 au Parisien. Tr\u00e8s vite, une chanson a \u00e9merg\u00e9. Ce n\u2019est pas une collaboration marketing. C\u2019est une vraie construction artistique. Chacun a apport\u00e9 sa culture.\u00a0\u00bb<\/p>\n<p>    Dans une strory publi\u00e9e mercredi 23 juillet sur Instgram, Gims assure \u00ab ne pas [avoir] de producteur\u00a0\u00bb.<br \/>\n                Capture d\u2019\u00e9cran Instagram<\/p>\n<p>                                    <a class=\"fig-a11y-skip a11y-hidden\" href=\"#fig-a11y-skip-main-inarticle\"><br \/>\n        Passer la publicit\u00e9<br \/>\n    <\/a><\/p>\n<p>Gims n\u2019a \u00ab\u00a0pas de producteur\u00a0\u00bb<\/p>\n<p class=\"fig-paragraph\">Le morceau, devant s\u2019intituler Makassi, un mot lingala (langue congolaise) voulant dire \u00ab\u00a0fort\u00a0\u00bb, aurait \u00e9t\u00e9 enregistr\u00e9 \u00e0 distance. Les deux artistes, qui, selon le producteur, ne souhaitaient en aucun cas apporter une dimension politique \u00e0 leur collaboration, auraient \u00e9chang\u00e9 sur des boucles Whatsapp. Les discussions auraient \u00e9t\u00e9 \u00ab\u00a0fluides\u00a0\u00bb et \u00ab\u00a0respectueuses\u00a0\u00bb. Cependant, des doutes \u00e9manent concernant la v\u00e9racit\u00e9 des d\u00e9clarations faites par Liil-Serge Mbeutcha. Dans son message adress\u00e9 \u00e0 ses fans sur les r\u00e9seaux sociaux, Gims ayant assur\u00e9 \u00ab\u00a0ne pas [avoir] de producteur\u00a0\u00bb. Liil-Serge Mbeutcha n\u2019a pas r\u00e9agi pour le moment.<\/p>\n<blockquote class=\"fig-quote&#10;    \">\n<p class=\"fig-quote__text\">Je suis d\u00e9j\u00e0 mort, vous ne pouvez rien contre moi<\/p>\n<p>            Gims sur Instagram\n    <\/p><\/blockquote>\n<p class=\"fig-body-link\">\n            \u00c0 lire aussi<br \/>\n        <a class=\"fig-body-link__link fig-premium-mark\" href=\"http:\/\/www.lefigaro.fr\/musique\/palmares-streaming-gims-n01-mais-est-talonne-par-jungeli-17-ans-20250109\" target=\"_blank\" data-fig-type=\"Article\" rel=\"noopener nofollow\" data-gtm-custom-categorie=\"navigation\" data-gtm-custom-action=\"crossclick\" data-gtm-custom-label=\"Contextuel\" data-gtm-event=\"customEventSPE\" data-fig-domain=\"LEFIGARO\">Palmar\u00e8s streaming 2024\u00a0: Gims n\u00b01 mais talonn\u00e9 par Jungeli, \u00e2g\u00e9 de 17 ans seulement<br \/>\n    <\/a>\n<\/p>\n<p class=\"fig-paragraph\">Outre le d\u00e9menti, Gims a annonc\u00e9 qu\u2019une quatri\u00e8me date \u00e0 La D\u00e9fense Arena sera \u00ab\u00a0bient\u00f4t\u00a0\u00bb programm\u00e9e. Le chanteur s\u2019y produira d\u00e9j\u00e0 les 19, 20 et 21 d\u00e9cembre prochains.<\/p>\n","protected":false},"excerpt":{"rendered":"Le chanteur a d\u00e9menti sur son compte Instagram la sortie d\u2019un titre enregistr\u00e9 avec la belle-fille de Donald&hellip;\n","protected":false},"author":2,"featured_media":270145,"comment_status":"","ping_status":"","sticky":false,"template":"","format":"standard","meta":{"footnotes":""},"categories":[1359],"tags":[58,75,59,73,1011,27,13444,973],"class_list":{"0":"post-270144","1":"post","2":"type-post","3":"status-publish","4":"format-standard","5":"has-post-thumbnail","7":"category-people","8":"tag-divertissement","9":"tag-donald-trump","10":"tag-entertainment","11":"tag-etats-unis","12":"tag-fr","13":"tag-france","14":"tag-gims","15":"tag-people"},"share_on_mastodon":{"url":"https:\/\/pubeurope.com\/@fr\/114907541863244916","error":""},"_links":{"self":[{"href":"https:\/\/www.europesays.com\/fr\/wp-json\/wp\/v2\/posts\/270144","targetHints":{"allow":["GET"]}}],"collection":[{"href":"https:\/\/www.europesays.com\/fr\/wp-json\/wp\/v2\/posts"}],"about":[{"href":"https:\/\/www.europesays.com\/fr\/wp-json\/wp\/v2\/types\/post"}],"author":[{"embeddable":true,"href":"https:\/\/www.europesays.com\/fr\/wp-json\/wp\/v2\/users\/2"}],"replies":[{"embeddable":true,"href":"https:\/\/www.europesays.com\/fr\/wp-json\/wp\/v2\/comments?post=270144"}],"version-history":[{"count":0,"href":"https:\/\/www.europesays.com\/fr\/wp-json\/wp\/v2\/posts\/270144\/revisions"}],"wp:featuredmedia":[{"embeddable":true,"href":"https:\/\/www.europesays.com\/fr\/wp-json\/wp\/v2\/media\/270145"}],"wp:attachment":[{"href":"https:\/\/www.europesays.com\/fr\/wp-json\/wp\/v2\/media?parent=270144"}],"wp:term":[{"taxonomy":"category","embeddable":true,"href":"https:\/\/www.europesays.com\/fr\/wp-json\/wp\/v2\/categories?post=270144"},{"taxonomy":"post_tag","embeddable":true,"href":"https:\/\/www.europesays.com\/fr\/wp-json\/wp\/v2\/tags?post=270144"}],"curies":[{"name":"wp","href":"https:\/\/api.w.org\/{rel}","templated":true}]}}