{"id":270148,"date":"2025-07-24T09:39:11","date_gmt":"2025-07-24T09:39:11","guid":{"rendered":"https:\/\/www.europesays.com\/fr\/270148\/"},"modified":"2025-07-24T09:39:11","modified_gmt":"2025-07-24T09:39:11","slug":"un-festival-des-livres-dexception-a-la-fouillade","status":"publish","type":"post","link":"https:\/\/www.europesays.com\/fr\/270148\/","title":{"rendered":"Un festival des livres d\u2019exception \u00e0 La Fouillade"},"content":{"rendered":"<p>\n                                                                    l&rsquo;essentiel<br \/>\n                                                                litt\u00e9rature. C\u2019est samedi que se d\u00e9roulera, \u00e0 la salle omnisports, de 10h \u00e0 12h30 puis de 13h30 \u00e0 18 h, le 27e Festival des Livres de La Fouillade. Au fil du temps, il est devenu l\u2019\u00e9v\u00e9nement litt\u00e9raire le plus important et le plus attendu du d\u00e9partement.\n                            <\/p>\n<p>C\u2019est samedi que se d\u00e9roulera, \u00e0 la salle omnisports, de 10h \u00e0 12h30 puis de 13h30 \u00e0 18 h, le 27e Festival des Livres de La Fouillade. Au fil du temps, il est devenu l\u2019\u00e9v\u00e9nement litt\u00e9raire le plus important et le plus attendu du d\u00e9partement.<\/p>\n<p>La gratuit\u00e9 de cette journ\u00e9e est possible gr\u00e2ce au concours du Conseil d\u00e9partemental, d\u2019Ouest Aveyron communaut\u00e9, de la commune de La Fouillade et d\u2019entreprises, de commer\u00e7ants ou artisans essentiellement locaux soucieux de faire perdurer cette journ\u00e9e festive d\u2019exception.<\/p>\n<p>70 auteurs de divers horizons<\/p>\n<p>Cette nouvelle \u00e9dition accueillera 70 auteurs.<\/p>\n<p>Des auteurs venus d\u2019horizons les plus divers : bien \u00e9videmment du d\u00e9partement de l\u2019Aveyron mais aussi des d\u00e9partements voisins (Lot, Tarn, Tarn-et-Garonne, Cantal), d\u2019Occitanie (Haute-Garonne, Aude, H\u00e9rault), ou d\u2019un peu plus loin (Vaucluse, Paris, r\u00e9gion parisienne, Pyr\u00e9n\u00e9es-Atlantiques, Charente)\u2026<\/p>\n<p>Des auteurs qui embrassent des genres les plus diff\u00e9rents : auteurs r\u00e9gionaux, auteurs jeunesse, auteurs occitan ou d\u2019esp\u00e9ranto, auteurs de contes et l\u00e9gendes, romanciers, nouvellistes, po\u00e8tes, biographes, historiens\u2026 mais aussi des mangakas et, pour rester fid\u00e8le \u00e0 la tradition de ce Festival, bon nombre d\u2019auteurs de BD, qu\u2019ils soient dessinateurs, coloristes ou sc\u00e9naristes. De plus, trois associations culturelles seront repr\u00e9sent\u00e9es : le Cercle g\u00e9n\u00e9alogique du Rouergue, l\u2019Union de sauvegarde du Rouergue et Paroles vives.<\/p>\n<p>Pour occuper les plus jeunes, des animations gratuites leurs seront propos\u00e9es : sculptures en papier m\u00e2ch\u00e9, origami, collages, pop\u2019up, cr\u00e9ation de mini-livres.<\/p>\n<p>En marge de ce Festival se tiendra le matin un march\u00e9 de producteurs du pays avec la possibilit\u00e9 de d\u00e9jeuner sur place, \u00e0 l\u2019ombre des platanes, avec leurs produits vendus sur place.<\/p>\n<p>Enfin le groupe millavois \u2018Matin d\u2019Ivresse\u2018 se produira en fin de matin\u00e9e, \u00e0 l\u2019heure de l\u2019ap\u00e9ritif, sur le march\u00e9.<\/p>\n<p>Comme on peut le constater c\u2019est un programme charg\u00e9 et vari\u00e9 qui est propos\u00e9 pour cette journ\u00e9e du samedi 26 juillet.<\/p>\n<p>\u00c0 savourer sans mod\u00e9ration !<\/p>\n","protected":false},"excerpt":{"rendered":"l&rsquo;essentiel litt\u00e9rature. C\u2019est samedi que se d\u00e9roulera, \u00e0 la salle omnisports, de 10h \u00e0 12h30 puis de 13h30&hellip;\n","protected":false},"author":2,"featured_media":270149,"comment_status":"","ping_status":"","sticky":false,"template":"","format":"standard","meta":{"footnotes":""},"categories":[1357],"tags":[1379,58,59,1011,27,1380],"class_list":{"0":"post-270148","1":"post","2":"type-post","3":"status-publish","4":"format-standard","5":"has-post-thumbnail","7":"category-livres","8":"tag-books","9":"tag-divertissement","10":"tag-entertainment","11":"tag-fr","12":"tag-france","13":"tag-livres"},"share_on_mastodon":{"url":"https:\/\/pubeurope.com\/@fr\/114907549837119957","error":""},"_links":{"self":[{"href":"https:\/\/www.europesays.com\/fr\/wp-json\/wp\/v2\/posts\/270148","targetHints":{"allow":["GET"]}}],"collection":[{"href":"https:\/\/www.europesays.com\/fr\/wp-json\/wp\/v2\/posts"}],"about":[{"href":"https:\/\/www.europesays.com\/fr\/wp-json\/wp\/v2\/types\/post"}],"author":[{"embeddable":true,"href":"https:\/\/www.europesays.com\/fr\/wp-json\/wp\/v2\/users\/2"}],"replies":[{"embeddable":true,"href":"https:\/\/www.europesays.com\/fr\/wp-json\/wp\/v2\/comments?post=270148"}],"version-history":[{"count":0,"href":"https:\/\/www.europesays.com\/fr\/wp-json\/wp\/v2\/posts\/270148\/revisions"}],"wp:featuredmedia":[{"embeddable":true,"href":"https:\/\/www.europesays.com\/fr\/wp-json\/wp\/v2\/media\/270149"}],"wp:attachment":[{"href":"https:\/\/www.europesays.com\/fr\/wp-json\/wp\/v2\/media?parent=270148"}],"wp:term":[{"taxonomy":"category","embeddable":true,"href":"https:\/\/www.europesays.com\/fr\/wp-json\/wp\/v2\/categories?post=270148"},{"taxonomy":"post_tag","embeddable":true,"href":"https:\/\/www.europesays.com\/fr\/wp-json\/wp\/v2\/tags?post=270148"}],"curies":[{"name":"wp","href":"https:\/\/api.w.org\/{rel}","templated":true}]}}