{"id":270150,"date":"2025-07-24T09:40:35","date_gmt":"2025-07-24T09:40:35","guid":{"rendered":"https:\/\/www.europesays.com\/fr\/270150\/"},"modified":"2025-07-24T09:40:35","modified_gmt":"2025-07-24T09:40:35","slug":"adixia-the-detective-club-destabilisee-apres-un-langoureux-baiser-avec-nicolo-dans-lepisode-du-jeudi-24-juillet","status":"publish","type":"post","link":"https:\/\/www.europesays.com\/fr\/270150\/","title":{"rendered":"Adixia (The Detective Club) d\u00e9stabilis\u00e9e apr\u00e8s un langoureux baiser avec Nicolo dans l\u2019\u00e9pisode du jeudi 24 juillet"},"content":{"rendered":"<p class=\"articleContent-meta\">\n        Aujourd&rsquo;hui \u00e0 07:30 &#8211; par             <a class=\"articleContent-metaAuthorsLink\" href=\"https:\/\/www.programme.tv\/auteur\/clara-pouvil\/\" target=\"_blank\" rel=\"noopener\">Clara Pouvil<\/a><\/p>\n<p>                    Tweeter<\/p>\n<p>                    Partager sur Facebook<\/p>\n<p>                        <img decoding=\"async\" src=\"https:\/\/www.europesays.com\/fr\/wp-content\/uploads\/2025\/07\/giuseppa-est-designee-voleuse-dans-the-detective-club-qui-a-vole-kiki.jpg\" alt=\"Player Video\" class=\"player-applyRatio poster exclude-seedtag\"\/><\/p>\n<p>Ce jeudi 24 juillet 2025, dans l&rsquo;\u00e9pisode in\u00e9dit de The Detective Club : qui a vol\u00e9 Kiki ? diffus\u00e9 sur W9 et disponible en avant-premi\u00e8re sur M6+, Adixia et Nicolo ont pass\u00e9 un cap dans leur rapprochement. En effet, les deux candidats ont \u00e9chang\u00e9 leur tout premier baiser. Un moment qui n&rsquo;a pas manqu\u00e9 de d\u00e9stabiliser la principale int\u00e9ress\u00e9e.<\/p>\n<p>Le 16 juin dernier, <b>W9 a donn\u00e9 le coup d&rsquo;envoi d&rsquo;une toute nouvelle \u00e9mission baptis\u00e9e <\/b><a href=\"https:\/\/www.programme.tv\/news\/tele-realite\/262551-w9-annonce-une-nouvelle-emission-de-tele-realite-intitulee-the-detective-club-qui-a-vole-kiki-avec-un-casting-compose-de-ryad-julien-tanti-bengous\/\" target=\"_blank\" rel=\"noopener\"><b>The Detective Club : qui a vol\u00e9 Kiki ?<\/b><\/a>. Au casting, 18 personnalit\u00e9s de t\u00e9l\u00e9-r\u00e9alit\u00e9 ont fait leur entr\u00e9e dans la comp\u00e9tition pour tenter de trouver l&rsquo;identit\u00e9 des deux voleurs qui ont vol\u00e9 le chien de celui qu&rsquo;on surnomme <b>\u00ab\u00a0<\/b><b>le S<\/b><b>\u00ab\u00a0<\/b>. Dans les \u00e9pisodes pr\u00e9c\u00e9dents, <a href=\"https:\/\/www.programme.tv\/news\/tele-realite\/263903-the-detective-club-qui-de-marine-ou-katell-a-ete-eliminee-dans-l-episode-du-mercredi-23-juillet\/\" target=\"_blank\" rel=\"noopener\"><b>Marine<\/b> a \u00e9t\u00e9 \u00e9vinc\u00e9e du jeu<\/a> apr\u00e8s avoir \u00e9t\u00e9 soup\u00e7onn\u00e9e d&rsquo;\u00eatre l&rsquo;une des voleuses. Persuad\u00e9 qu&rsquo;elle \u00e9tait coupable, <b>Vivian<\/b> s&rsquo;est litt\u00e9ralement tromp\u00e9. L&rsquo;enqu\u00eate a ensuite repris et les suspicions se portent sur <b>Enzo<\/b>, qui fait bel et bien partie des voleurs avec Giuseppa. Il a tent\u00e9 de brouiller les pistes, mais Nicolo le soup\u00e7onne tr\u00e8s fortement. Quant \u00e0<b> Jessy Errero<\/b>, elle a remport\u00e9 le badge de protection. Ainsi, elle est immunis\u00e9e pour la c\u00e9r\u00e9monie de la trappe. \u00ab\u00a0<b>Elle me fait peur (&#8230;) Elle est dangereuse. Elle peut tr\u00e8s vite me d\u00e9masquer ou d\u00e9masquer Enzo<\/b>\u00ab\u00a0, a confi\u00e9 Giuseppa.<\/p>\n<p>                                The Detective Club : Adixia ouvre son coeur \u00e0 Nicolo avant la redoutable c\u00e9r\u00e9monie de la trappe<\/p>\n<p>Ce jeudi 24 juillet 2025, dans l&rsquo;\u00e9pisode in\u00e9dit de The Detective Club : qui a vol\u00e9 Kiki ? diffus\u00e9 sur W9 et disponible en avant-premi\u00e8re sur <a href=\"https:\/\/www.m6.fr\/the-detective-club-qui-a-vole-kiki-p_27113\/s1-e29-c_13134035\" target=\"_blank\" rel=\"noopener\">M6+<\/a>, les candidats ont profit\u00e9 d&rsquo;une soir\u00e9e d\u00e9guis\u00e9e pendant laquelle Beno\u00eet et Vivian ont fait campagne pour prouver qu&rsquo;ils m\u00e9ritaient leur place dans l&rsquo;aventure. Adixia s&rsquo;est confi\u00e9e \u00e0 Julien Tanti sur Nicolo, qu&rsquo;elle trouve distant. Finalement, le candidat l&rsquo;a rejoint dehors et elle a d\u00e9cid\u00e9 de lui ouvrir son coeur. \u00ab\u00a0Quand t&rsquo;es pas l\u00e0, je me sens un peu perdue (&#8230;) Je suis en train de m&rsquo;attacher \u00e0 toi (&#8230;) <b>On vit des beaux moments ensemble<\/b> (&#8230;) <b>Si tu pars ou si je pars demain, c&rsquo;est notre dernier soir ensemble<\/b>\u00ab\u00a0, lui a-t-elle dit, craignant d&rsquo;\u00eatre s\u00e9par\u00e9e de lui \u00e0 l&rsquo;issue de la c\u00e9r\u00e9monie de la trappe.<\/p>\n<p>                \u00ab\u00a0C&rsquo;est vraiment un baiser \u00e0 l&rsquo;italienne, c&rsquo;est romantique\u00a0\u00bb<\/p>\n<p>De plus en plus proches, Nicolo et Adixia ont \u00e9chang\u00e9 un baiser langoureux. \u00ab\u00a0<b>Ce premier baiser est juste incroyable, j&rsquo;ai une sensation de fou qui traverse tout mon corps<\/b>. C&rsquo;est vraiment un bisou \u00e0 l&rsquo;italienne, c&rsquo;est romantique\u00a0\u00bb, a-t-elle r\u00e9agi. Visiblement d\u00e9stabilis\u00e9e, <a href=\"https:\/\/www.programme.tv\/news\/tele-realite\/141293-just-married-decouvrez-le-clip-tres-sexy-de-paga-et-adixia-des-marseillais-video\/\" target=\"_blank\" rel=\"noopener\">l&rsquo;ex de Paga<\/a> a fait de l&rsquo;humour, tout comme Nicolo qui lui a lanc\u00e9 : \u00ab\u00a0On appelle l&rsquo;h\u00f4pital !\u00a0\u00bb L&rsquo;\u00e9pisode s&rsquo;est termin\u00e9 par le choix des voleurs du d\u00e9tective qu&rsquo;ils souhaitent \u00e9jecter. Qui sera leur cible ? Affaire \u00e0 suivre !<\/p>\n<p>Rejoignez-nous sur Google News !<\/p>\n<p class=\"articleContent-pushTagline\">Abonnez-vous \u00e0 <a href=\"https:\/\/news.google.com\/publications\/CAAiEJwr-IZFXDFoZD1ePbkC_VcqFAgKIhCcK_iGRVwxaGQ9Xj25Av1X\" target=\"_blank\" rel=\"noopener\">T\u00e9l\u00e9 2 semaines sur Google News<\/a> pour ne manquer aucune info !<\/p>\n","protected":false},"excerpt":{"rendered":"Aujourd&rsquo;hui \u00e0 07:30 &#8211; par Clara Pouvil Tweeter Partager sur Facebook Ce jeudi 24 juillet 2025, dans l&rsquo;\u00e9pisode&hellip;\n","protected":false},"author":2,"featured_media":270151,"comment_status":"","ping_status":"","sticky":false,"template":"","format":"standard","meta":{"footnotes":""},"categories":[1356],"tags":[40937,58,59,1011,27,40938,252,3604,1364,2395,1630],"class_list":{"0":"post-270150","1":"post","2":"type-post","3":"status-publish","4":"format-standard","5":"has-post-thumbnail","7":"category-television","8":"tag-adixia","9":"tag-divertissement","10":"tag-entertainment","11":"tag-fr","12":"tag-france","13":"tag-nicolo","14":"tag-television","15":"tag-tu00e9lu00e9-ru00e9alitu00e9","16":"tag-tv","17":"tag-w9","18":"tag-zapping"},"share_on_mastodon":{"url":"https:\/\/pubeurope.com\/@fr\/114907553733414948","error":""},"_links":{"self":[{"href":"https:\/\/www.europesays.com\/fr\/wp-json\/wp\/v2\/posts\/270150","targetHints":{"allow":["GET"]}}],"collection":[{"href":"https:\/\/www.europesays.com\/fr\/wp-json\/wp\/v2\/posts"}],"about":[{"href":"https:\/\/www.europesays.com\/fr\/wp-json\/wp\/v2\/types\/post"}],"author":[{"embeddable":true,"href":"https:\/\/www.europesays.com\/fr\/wp-json\/wp\/v2\/users\/2"}],"replies":[{"embeddable":true,"href":"https:\/\/www.europesays.com\/fr\/wp-json\/wp\/v2\/comments?post=270150"}],"version-history":[{"count":0,"href":"https:\/\/www.europesays.com\/fr\/wp-json\/wp\/v2\/posts\/270150\/revisions"}],"wp:featuredmedia":[{"embeddable":true,"href":"https:\/\/www.europesays.com\/fr\/wp-json\/wp\/v2\/media\/270151"}],"wp:attachment":[{"href":"https:\/\/www.europesays.com\/fr\/wp-json\/wp\/v2\/media?parent=270150"}],"wp:term":[{"taxonomy":"category","embeddable":true,"href":"https:\/\/www.europesays.com\/fr\/wp-json\/wp\/v2\/categories?post=270150"},{"taxonomy":"post_tag","embeddable":true,"href":"https:\/\/www.europesays.com\/fr\/wp-json\/wp\/v2\/tags?post=270150"}],"curies":[{"name":"wp","href":"https:\/\/api.w.org\/{rel}","templated":true}]}}