{"id":270154,"date":"2025-07-24T09:42:11","date_gmt":"2025-07-24T09:42:11","guid":{"rendered":"https:\/\/www.europesays.com\/fr\/270154\/"},"modified":"2025-07-24T09:42:11","modified_gmt":"2025-07-24T09:42:11","slug":"une-grosse-surprise-vous-attend-avant-les-quatre-fantastiques-au-cinema","status":"publish","type":"post","link":"https:\/\/www.europesays.com\/fr\/270154\/","title":{"rendered":"Une grosse surprise vous attend avant Les Quatre Fantastiques au cin\u00e9ma"},"content":{"rendered":"<p>Le nouveau film Marvel d\u00e9barque d\u00e8s ce 23 juillet 2025 dans les salles de cin\u00e9ma, en France. Et nous vous conseillons vivement de ne pas zapper la diffusion des publicit\u00e9s et des bandes-annonces juste avant Les Quatre Fantastiques, au risque de rater un beau cadeau.<\/p>\n<p>Le 23 juillet 2025 est un grand jour pour les fans de Marvel (et de Pedro Pascal) puisque <a href=\"https:\/\/www.numerama.com\/films\/les-quatre-fantastiques-premiers-pas-2025\/\" data-type=\"movies\" data-id=\"1897542\" target=\"_blank\" rel=\"noopener\">Les Quatre Fantastiques<\/a> s\u2019invitent enfin dans les salles obscures, pour combattre le grand Galactus, pr\u00eat \u00e0 d\u00e9vorer la Terre. Mais avant de d\u00e9couvrir leurs aventures, <a href=\"https:\/\/www.numerama.com\/pop-culture\/2037261-on-a-vu-les-quatre-fantastiques-et-ce-nest-pas-le-marvel-que-vous-imaginez-critique-sans-spoilers.html\" data-type=\"post\" data-id=\"2037261\" target=\"_blank\" rel=\"noopener\">dont vous pouvez lire notre \u00e9logieuse critique ici<\/a>, il faudra \u00e9videmment subir une quinzaine de minutes de publicit\u00e9s et de trailers en tous genres au cin\u00e9ma.<\/p>\n<p>Si vous pr\u00e9f\u00e9rez g\u00e9n\u00e9ralement zapper cette traditionnelle introduction, nous vous conseillons vivement de changer vos habitudes\u2026 sauf si vous voulez rater l\u2019une des bandes-annonces les plus attendues de l\u2019ann\u00e9e.<\/p>\n<\/p>\n<p>            Ce contenu est bloqu\u00e9 car vous n\u2019avez pas accept\u00e9 les cookies et autres traceurs. Ce contenu est fourni par YouTube.<br \/>Pour pouvoir le visualiser, vous devez accepter l\u2019usage \u00e9tant op\u00e9r\u00e9 par YouTube avec vos donn\u00e9es qui pourront \u00eatre utilis\u00e9es pour les finalit\u00e9s suivantes : vous permettre de visualiser et de partager des contenus avec des m\u00e9dias sociaux, favoriser le d\u00e9veloppement et l\u2019am\u00e9lioration des produits d\u2019Humanoid et de ses partenaires, vous afficher des publicit\u00e9s personnalis\u00e9es par rapport \u00e0 votre profil et activit\u00e9, vous d\u00e9finir un profil publicitaire personnalis\u00e9, mesurer la performance des publicit\u00e9s et du contenu de ce site et mesurer l\u2019audience de ce site <a href=\"#\" class=\"js-privacy\" target=\"_blank\">(en savoir plus)<\/a>        <\/p>\n<p>            En cliquant sur \u00ab J\u2019accepte tout \u00bb, vous consentez aux finalit\u00e9s susmentionn\u00e9es pour l\u2019ensemble des cookies et autres traceurs d\u00e9pos\u00e9s par Humanoid et <a class=\"embed-consent-overlay-vendors-link\" href=\"#preferences-vendeurs\">ses partenaires<\/a>.        <\/p>\n<p>            Vous gardez la possibilit\u00e9 de retirer votre consentement \u00e0 tout moment. Pour plus d\u2019informations, nous vous invitons \u00e0 prendre connaissance de notre <a href=\"https:\/\/www.numerama.com\/politique-cookies\" target=\"_blank\" rel=\"noopener\">Politique cookies<\/a>.        <\/p>\n<p>        J\u2019accepte tout    <\/p>\n<p class=\"embed-consent-overlay-manage-choices\">        <a href=\"#preferences-publicitaires\">G\u00e9rer mes choix<\/a>    <\/p>\n<p>Une grosse surprise vous attend avant Les Quatre Fantastiques : les premi\u00e8res images d\u2019Avatar 3<\/p>\n<p>Avant la projection des Quatre Fantastiques dans les salles de cin\u00e9ma, une bande-annonce in\u00e9dite sera ainsi diffus\u00e9e en avant-premi\u00e8re : celle d\u2019<a href=\"https:\/\/www.numerama.com\/films\/avatar-3\/\" data-type=\"movies\" data-id=\"1173466\" target=\"_blank\" rel=\"noopener\">Avatar 3<\/a>, nomm\u00e9 <a href=\"https:\/\/www.numerama.com\/pop-culture\/1789392-avatar-3-que-signifie-le-titre-fire-and-ash-annonce-disney-convention-d23.html\" data-type=\"post\" data-id=\"1789392\" target=\"_blank\" rel=\"noopener\">Fire and Ash (De Feu et de Cendres en VF)<\/a>. Pour le moment, le trailer sera r\u00e9serv\u00e9 aux spectateurs du film Marvel, qui auront la chance de le voir avant m\u00eame qu\u2019il ne soit disponible en ligne.<\/p>\n<p>Et le moins que l\u2019on puisse dire, c\u2019est que le cin\u00e9aste James Cameron n\u2019a pas perdu la main : la bande-annonce, que nous avons pu voir pendant notre propre visionnage des Quatre Fantastiques, est absolument sublime. On y retrouve les personnages iconiques de la saga Avatar, dont Jake, Neytiri et leurs enfants.<\/p>\n<p>Cette fois, ils seront confront\u00e9s \u00e0 une nouvelle tribu de Na\u2019vis : celle du feu, bien d\u00e9cid\u00e9e \u00e0 tout br\u00fbler sur son passage. De nouvelles cr\u00e9atures, marines ou a\u00e9riennes, seront \u00e9videmment de la partie et les visuels, eux, fonctionnent toujours \u00e0 merveille.<\/p>\n<blockquote class=\"twitter-tweet\" data-width=\"500\" data-dnt=\"true\">\n<p lang=\"en\" dir=\"ltr\">Meet Varang in Avatar: Fire and Ash.<\/p>\n<p>Be among the first to watch the trailer, exclusively in theaters this weekend with The Fantastic Four: First Steps. <a href=\"https:\/\/t.co\/MZi0jhBCI5\">pic.twitter.com\/MZi0jhBCI5<\/a><\/p>\n<p>\u2014 Avatar (@officialavatar) <a href=\"https:\/\/twitter.com\/officialavatar\/status\/1947403470249824416?ref_src=twsrc%5Etfw\" target=\"_blank\" rel=\"noopener\">July 21, 2025<\/a><\/p><\/blockquote>\n<p>            Ce contenu est bloqu\u00e9 car vous n\u2019avez pas accept\u00e9 les cookies et autres traceurs. Ce contenu est fourni par Twitter.<br \/>Pour pouvoir le visualiser, vous devez accepter l\u2019usage \u00e9tant op\u00e9r\u00e9 par Twitter avec vos donn\u00e9es qui pourront \u00eatre utilis\u00e9es pour les finalit\u00e9s suivantes : vous permettre de visualiser et de partager des contenus avec des m\u00e9dias sociaux, favoriser le d\u00e9veloppement et l\u2019am\u00e9lioration des produits d\u2019Humanoid et de ses partenaires, vous afficher des publicit\u00e9s personnalis\u00e9es par rapport \u00e0 votre profil et activit\u00e9, vous d\u00e9finir un profil publicitaire personnalis\u00e9, mesurer la performance des publicit\u00e9s et du contenu de ce site et mesurer l\u2019audience de ce site <a href=\"#\" class=\"js-privacy\" target=\"_blank\">(en savoir plus)<\/a>        <\/p>\n<p>            En cliquant sur \u00ab J\u2019accepte tout \u00bb, vous consentez aux finalit\u00e9s susmentionn\u00e9es pour l\u2019ensemble des cookies et autres traceurs d\u00e9pos\u00e9s par Humanoid et <a class=\"embed-consent-overlay-vendors-link\" href=\"#preferences-vendeurs\">ses partenaires<\/a>.        <\/p>\n<p>            Vous gardez la possibilit\u00e9 de retirer votre consentement \u00e0 tout moment. Pour plus d\u2019informations, nous vous invitons \u00e0 prendre connaissance de notre <a href=\"https:\/\/www.numerama.com\/politique-cookies\" target=\"_blank\" rel=\"noopener\">Politique cookies<\/a>.        <\/p>\n<p>        J\u2019accepte tout    <\/p>\n<p class=\"embed-consent-overlay-manage-choices\">        <a href=\"#preferences-publicitaires\">G\u00e9rer mes choix<\/a>    <\/p>\n<p><a href=\"https:\/\/www.numerama.com\/pop-culture\/1884218-avatar-3-que-montrent-les-premieres-images.html\" data-type=\"post\" data-id=\"1884218\" target=\"_blank\" rel=\"noopener\">D\u2019apr\u00e8s ces premi\u00e8res images<\/a>, Jake devrait revenir sur la Terre ferme, o\u00f9 il sera captur\u00e9. Avec sa famille, il explorera \u00e9galement le monde du Peuple des Cendres, gris et ravag\u00e9, dirig\u00e9 d\u2019une main de ma\u00eetre par une cheffe sans piti\u00e9 : Varang. Les combats promettent en tout cas d\u2019\u00eatre explosifs, tandis que Spider et Kiri tiendront un r\u00f4le central dans ce troisi\u00e8me volet.<\/p>\n<p>Attention, cependant : chaque exploitant se r\u00e9serve le droit de proposer, ou non, ce premier aper\u00e7u de l\u2019une des grosses sorties de l\u2019ann\u00e9e. Vous pourriez donc \u00eatre d\u00e9\u00e7us si vous vous rendez plus t\u00f4t dans les salles de cin\u00e9ma, pour esp\u00e9rer profiter de ces images \u00e9poustouflantes.<\/p>\n<p>Il faudra en tout cas patienter encore de nombreux mois avant de retrouver Pandora : Avatar 3 sortira seulement le 17 d\u00e9cembre 2025 dans les salles fran\u00e7aises.<\/p>\n<p>            <img decoding=\"async\" src=\"https:\/\/www.europesays.com\/fr\/wp-content\/uploads\/2025\/04\/iPhone-16-pro.png\" alt=\"Toute l'actu tech en un clien d'oeil\"\/><\/p>\n<p class=\"card-install-pwa__title\">Toute l&rsquo;actu tech en un clin d&rsquo;\u0153il<\/p>\n<p class=\"card-install-pwa__description\">Ajoutez Numerama \u00e0 votre \u00e9cran d&rsquo;accueil et restez connect\u00e9s au futur !<\/p>\n<p>            <img decoding=\"async\" src=\"https:\/\/www.numerama.com\/wp-content\/themes\/numerama-next\/assets\/images\/premium\/logo-card-pwa-coupe.svg\" alt=\"Logo PWA\"\/><\/p>\n<p>       Installer Numerama<\/p>\n<p class=\"title\">\n            Les infos sur les films et s\u00e9ries             <a href=\"https:\/\/www.numerama.com\/tag\/marvel\/\" target=\"_blank\" rel=\"noopener\"><br \/>\n                Marvel            <\/a>\n        <\/p>\n<p>        <script async src=\"https:\/\/platform.twitter.com\/widgets.js\" charset=\"utf-8\"><\/script><\/p>\n","protected":false},"excerpt":{"rendered":"Le nouveau film Marvel d\u00e9barque d\u00e8s ce 23 juillet 2025 dans les salles de cin\u00e9ma, en France. Et&hellip;\n","protected":false},"author":2,"featured_media":270155,"comment_status":"","ping_status":"","sticky":false,"template":"","format":"standard","meta":{"footnotes":""},"categories":[1354],"tags":[40939,650,58,59,1346,1011,27,17602,2135,1360,18478],"class_list":{"0":"post-270154","1":"post","2":"type-post","3":"status-publish","4":"format-standard","5":"has-post-thumbnail","7":"category-films","8":"tag-avatar-3","9":"tag-cinema","10":"tag-divertissement","11":"tag-entertainment","12":"tag-films","13":"tag-fr","14":"tag-france","15":"tag-les-quatre-fantastiques-2025","16":"tag-marvel","17":"tag-movies","18":"tag-trailer"},"share_on_mastodon":{"url":"https:\/\/pubeurope.com\/@fr\/114907561713274438","error":""},"_links":{"self":[{"href":"https:\/\/www.europesays.com\/fr\/wp-json\/wp\/v2\/posts\/270154","targetHints":{"allow":["GET"]}}],"collection":[{"href":"https:\/\/www.europesays.com\/fr\/wp-json\/wp\/v2\/posts"}],"about":[{"href":"https:\/\/www.europesays.com\/fr\/wp-json\/wp\/v2\/types\/post"}],"author":[{"embeddable":true,"href":"https:\/\/www.europesays.com\/fr\/wp-json\/wp\/v2\/users\/2"}],"replies":[{"embeddable":true,"href":"https:\/\/www.europesays.com\/fr\/wp-json\/wp\/v2\/comments?post=270154"}],"version-history":[{"count":0,"href":"https:\/\/www.europesays.com\/fr\/wp-json\/wp\/v2\/posts\/270154\/revisions"}],"wp:featuredmedia":[{"embeddable":true,"href":"https:\/\/www.europesays.com\/fr\/wp-json\/wp\/v2\/media\/270155"}],"wp:attachment":[{"href":"https:\/\/www.europesays.com\/fr\/wp-json\/wp\/v2\/media?parent=270154"}],"wp:term":[{"taxonomy":"category","embeddable":true,"href":"https:\/\/www.europesays.com\/fr\/wp-json\/wp\/v2\/categories?post=270154"},{"taxonomy":"post_tag","embeddable":true,"href":"https:\/\/www.europesays.com\/fr\/wp-json\/wp\/v2\/tags?post=270154"}],"curies":[{"name":"wp","href":"https:\/\/api.w.org\/{rel}","templated":true}]}}