{"id":270156,"date":"2025-07-24T09:43:17","date_gmt":"2025-07-24T09:43:17","guid":{"rendered":"https:\/\/www.europesays.com\/fr\/270156\/"},"modified":"2025-07-24T09:43:17","modified_gmt":"2025-07-24T09:43:17","slug":"le-lait-maternel-cancerogene-du-dioxyde-de-titane-detecte-malgre-linterdiction","status":"publish","type":"post","link":"https:\/\/www.europesays.com\/fr\/270156\/","title":{"rendered":"Le lait maternel canc\u00e9rog\u00e8ne ? Du dioxyde de titane d\u00e9tect\u00e9 malgr\u00e9 l\u2019interdiction"},"content":{"rendered":"<p>             <a href=\"https:\/\/ma-sante.news\/wp-content\/uploads\/2025\/07\/Allaitement-lait-maternel-danger-contamination-dioxyde-titane-cancer-ma-sante.jpg\" data-caption=\"Les traces sont trop infimes pour remettre en cause un allaitement \u00e9ventuel. Mais la persistance de cette substance interroge. \u00a9 Freepik\" rel=\"nofollow noopener\" target=\"_blank\"><img loading=\"lazy\" decoding=\"async\" width=\"696\" height=\"464\" class=\"entry-thumb td-modal-image\" src=\"data:image\/svg+xml,%3Csvg%20xmlns=\" http:=\"\" data-lazy- data-lazy- alt=\"Une maman en train d'allaiter son b\u00e9b\u00e9.\" title=\"Allaitement lait maternel danger contamination dioxyde titane cancer ma sante\" data-lazy-src=\"https:\/\/www.europesays.com\/fr\/wp-content\/uploads\/2025\/07\/Allaitement-lait-maternel-danger-contamination-dioxyde-titane-cancer-ma-sante-696x464.jpg\"\/><\/a>Les traces sont trop infimes pour remettre en cause un allaitement \u00e9ventuel. Mais la persistance de cette substance interroge. \u00a9 Freepik                                    \t\t\t             <a class=\"gofollow\" data-track=\"MjgsMCwxLDYw\" href=\"https:\/\/ma-sante.news\/inscrivez-vous-a-notre-newsletter\/\" rel=\"nofollow noopener\" target=\"_blank\"><img loading=\"lazy\" decoding=\"async\" width=\"1068\" height=\"131\" src=\"data:image\/svg+xml,%3Csvg%20xmlns=\" http:=\"\" data-lazy-src=\"https:\/\/www.europesays.com\/fr\/wp-content\/uploads\/2025\/03\/banniere-newsletter.png\"\/><\/a> <\/p>\n<p>Le lait maternel, riche en anticorps et adapt\u00e9 aux besoins du b\u00e9b\u00e9,  est consid\u00e9r\u00e9 comme l\u2019aliment le plus sain pour un nourrisson. Publi\u00e9e le 23 juillet dans la revue Science of the Total Environment, une \u00e9tude fran\u00e7aise vient pourtant semer le trouble.<\/p>\n<p>En analysant diff\u00e9rents types de lait \u2014 maternel, animal et infantile \u2014 les chercheurs ont mis en \u00e9vidence la pr\u00e9sence de dioxyde de titane, un compos\u00e9 chimique controvers\u00e9, suspect\u00e9 d\u2019effets toxiques et class\u00e9 comme canc\u00e9rog\u00e8ne possible pour l\u2019\u00eatre humain. <\/p>\n<p>        Le dioxyde de carbone : une substance interdite mais omnipr\u00e9sente    <\/p>\n<p>Le dioxyde de titane, ou TiO\u2082, est une poudre blanche utilis\u00e9e dans de nombreux produits de consommation courante. Il est omnipr\u00e9sent : on le retrouve dans les cr\u00e8mes solaires, les dentifrices, les m\u00e9dicaments, les peintures, et jusqu\u2019\u00e0 r\u00e9cemment dans l\u2019alimentation. <\/p>\n<p>Il \u00e9tait notamment employ\u00e9, sous le nom de code E171, comme colorant dans les confiseries, les sauces industrielles ou encore les produits de boulangerie. Ce n\u2019est qu\u2019en 2020 que la France a d\u00e9cid\u00e9 de l\u2019interdire comme additif alimentaire, suivie par l\u2019Union europ\u00e9enne en 2022, en raison de doutes s\u00e9rieux sur son innocuit\u00e9.<\/p>\n<p>Si cette d\u00e9cision visait \u00e0 prot\u00e9ger les consommateurs, elle n\u2019a pas emp\u00each\u00e9 <a href=\"https:\/\/ma-sante.news\/tout-sur-le-cancer-et-la-pollution\/\" rel=\"nofollow noopener\" target=\"_blank\">la substance de continuer \u00e0 circuler dans l\u2019environnement<\/a>. Car le dioxyde de titane n\u2019est pas biod\u00e9gradable. Il persiste, s\u2019infiltre dans les sols, les eaux, et peut \u00eatre absorb\u00e9 de mani\u00e8re indirecte par l\u2019organisme. <\/p>\n<p>        Des analyses pouss\u00e9es sur diff\u00e9rents laits    <\/p>\n<p>Les travaux men\u00e9s par une \u00e9quipe r\u00e9unissant l\u2019INRAE, le CNRS, l\u2019AP-HP et le synchrotron SOLEIL ont permis de d\u00e9tecter la pr\u00e9sence de particules de dioxyde de titane dans plus de 80 % des \u00e9chantillons de lait analys\u00e9s. <\/p>\n<p>Ces \u00e9chantillons concernaient \u00e0 la fois des laits infantiles en poudre, du lait de vache, de ch\u00e8vre et d\u2019\u00e2nesse, mais aussi du lait maternel pr\u00e9lev\u00e9 aupr\u00e8s de dix femmes allaitantes vivant en \u00cele-de-France.<\/p>\n<p>Et les r\u00e9sultats sont \u00e9difiants. Chez ces femmes, toutes les analyses ont r\u00e9v\u00e9l\u00e9 des traces de titane dans leur lait. Plus inqui\u00e9tant encore, certaines d\u2019entre elles pr\u00e9sentaient des concentrations jusqu\u2019\u00e0 15 fois plus \u00e9lev\u00e9es que les autres, sans qu\u2019on sache encore expliquer cette disparit\u00e9. Cela laisse entendre que l\u2019exposition au dioxyde de titane est non seulement r\u00e9elle, mais aussi variable selon les habitudes de vie, les expositions professionnelles ou l\u2019environnement imm\u00e9diat.<\/p>\n<p>        Une contamination par les nanoparticules    <\/p>\n<p>L\u2019aspect le plus pr\u00e9occupant de cette d\u00e9couverte r\u00e9side dans la taille des particules d\u00e9tect\u00e9es. Il s\u2019agit majoritairement de nanoparticules, c\u2019est-\u00e0-dire des particules de taille inf\u00e9rieure \u00e0 100 nanom\u00e8tres. <\/p>\n<p>Or, sous cette forme, le dioxyde de titane est particuli\u00e8rement susceptible de traverser les barri\u00e8res biologiques, comme celle de l\u2019intestin, du placenta, ou \u2014 c\u2019est d\u00e9sormais d\u00e9montr\u00e9 \u2014 de la glande mammaire. Ces nanoparticules peuvent ainsi passer du sang vers le lait, et \u00eatre ing\u00e9r\u00e9es par le nourrisson, \u00e0 un \u00e2ge o\u00f9 ses syst\u00e8mes de d\u00e9toxification et son immunit\u00e9 sont encore immatures.<\/p>\n<p>        Quels risques pour les nourrissons ?    <strong>Une substance class\u00e9e canc\u00e9rog\u00e8ne possible<\/strong>    <\/p>\n<p>Selon le <a href=\"https:\/\/ma-sante.news\/a-lyon-le-circ-democratise-information-sur-le-cancer\/\" rel=\"nofollow noopener\" target=\"_blank\">Centre international de recherche sur le cancer (CIRC)<\/a>, le dioxyde de titane est class\u00e9 comme \u201ccanc\u00e9rog\u00e8ne possible pour l\u2019homme\u201d lorsqu\u2019il est inhal\u00e9. Des \u00e9tudes men\u00e9es sur des mod\u00e8les animaux ont montr\u00e9 que ces particules, en cas d\u2019ingestion, pouvaient entra\u00eener des inflammations chroniques, un stress oxydatif ou encore <a href=\"https:\/\/ma-sante.news\/microbiote-intestinal-et-si-tout-se-jouait-dans-notre-ventre\/\" rel=\"nofollow noopener\" target=\"_blank\">des perturbations du microbiote intestinal<\/a>.<\/p>\n<p>Dans le cas des nourrissons, l\u2019impact pourrait \u00eatre amplifi\u00e9. Leur tube digestif est en construction, leur barri\u00e8re intestinale est plus perm\u00e9able, et leur m\u00e9tabolisme est encore en d\u00e9veloppement. <\/p>\n<p>Autrement dit, ils sont particuli\u00e8rement vuln\u00e9rables \u00e0 toute substance \u00e9trang\u00e8re, surtout si celle-ci est ing\u00e9r\u00e9e de mani\u00e8re r\u00e9p\u00e9t\u00e9e via le lait maternel ou infantile. M\u00eame si les quantit\u00e9s mesur\u00e9es restent faibles, la question de l\u2019effet cumulatif \u00e0 long terme se pose.<\/p>\n<p>        <strong>Un effet cocktail \u00e0 ne pas n\u00e9gliger<\/strong>    <\/p>\n<p>Ce que soulignent aussi les experts, c\u2019est que les nourrissons ne sont pas expos\u00e9s \u00e0 une seule substance. En plus du dioxyde de titane, ils peuvent recevoir d\u2019autres nanoparticules, des r\u00e9sidus de plastiques, des perturbateurs endocriniens pr\u00e9sents dans l\u2019environnement ou les contenants alimentaires. <\/p>\n<p>C\u2019est ce qu\u2019on appelle l\u2019\u00ab effet cocktail \u00bb : une accumulation de substances qui, prises isol\u00e9ment, peuvent sembler inoffensives, mais qui, ensemble, pourraient avoir des effets d\u00e9l\u00e9t\u00e8res sur la sant\u00e9.<\/p>\n<p><a href=\"https:\/\/ma-sante.news\/allaitement-maternel-avantages-inconvenients\/\" rel=\"nofollow noopener\" target=\"_blank\">Faut-il pour autant renoncer \u00e0 l\u2019allaitement ?<\/a> Non, r\u00e9pondent en ch\u0153ur les chercheurs. Le lait maternel reste l\u2019aliment le plus complet et le plus adapt\u00e9 pour le b\u00e9b\u00e9. Mais cette affaire souligne l\u2019urgence de mieux encadrer l\u2019exposition environnementale des femmes enceintes et allaitantes, de revoir les normes de fabrication de certains produits, et de renforcer la transparence sur les contaminants invisibles.<\/p>\n<blockquote class=\"wp-block-quote is-layout-flow wp-block-quote-is-layout-flow\">\n<p><strong>A SAVOIR<\/strong><\/p>\n<p>Le dioxyde de titane (TiO\u2082) a \u00e9t\u00e9 d\u00e9couvert au d\u00e9but du XIXe si\u00e8cle, mais son usage industriel s\u2019est vraiment d\u00e9velopp\u00e9 \u00e0 partir des ann\u00e9es 1920. D\u00e8s les ann\u00e9es 1950, il devient un ingr\u00e9dient courant dans les peintures et les cosm\u00e9tiques, pour ses propri\u00e9t\u00e9s blanchissantes et couvrantes. Dans l\u2019alimentation, il est autoris\u00e9 en tant qu\u2019additif sous le code E171, principalement utilis\u00e9 comme colorant blanc dans les confiseries, sauces, chewing-gums et produits de boulangerie. Ce n\u2019est qu\u2019au d\u00e9but des ann\u00e9es 2000 que les effets potentiels de ses formes nanoparticulaires commencent \u00e0 \u00eatre \u00e9tudi\u00e9s s\u00e9rieusement. Face aux doutes croissants sur sa s\u00e9curit\u00e9, la France interdit son usage alimentaire en 2020, suivie par l\u2019Union europ\u00e9enne en 2022. Pourtant, il reste encore pr\u00e9sent dans d\u2019autres produits de consommation, notamment les dentifrices, m\u00e9dicaments ou cr\u00e8mes solaires.<\/p>\n<\/blockquote>\n<p>  <a class=\"gofollow\" data-track=\"MTIsMCwxLDYw\" href=\"https:\/\/ma-sante.news\/annonceurs\/\" rel=\"nofollow noopener\" target=\"_blank\"><img loading=\"lazy\" decoding=\"async\" width=\"2560\" height=\"2133\" src=\"data:image\/svg+xml,%3Csvg%20xmlns=\" http:=\"\" data-lazy-src=\"https:\/\/www.europesays.com\/fr\/wp-content\/uploads\/2025\/03\/pub-annonceurs-4-scaled.jpg\"\/><\/a>    <img loading=\"lazy\" decoding=\"async\" width=\"755\" height=\"495\" src=\"data:image\/svg+xml,%3Csvg%20xmlns=\" http:=\"\" data-lazy-src=\"https:\/\/www.europesays.com\/fr\/wp-content\/uploads\/2025\/03\/Image1.jpg\"\/>Inscrivez-vous \u00e0 notre newsletter <br \/>Ma Sant\u00e9                      <\/p>\n","protected":false},"excerpt":{"rendered":"Les traces sont trop infimes pour remettre en cause un allaitement \u00e9ventuel. Mais la persistance de cette substance&hellip;\n","protected":false},"author":2,"featured_media":270157,"comment_status":"","ping_status":"","sticky":false,"template":"","format":"standard","meta":{"footnotes":""},"categories":[10],"tags":[40940,1011,27,72,71],"class_list":{"0":"post-270156","1":"post","2":"type-post","3":"status-publish","4":"format-standard","5":"has-post-thumbnail","7":"category-sante","8":"tag-allaitement","9":"tag-fr","10":"tag-france","11":"tag-health","12":"tag-sante"},"share_on_mastodon":{"url":"https:\/\/pubeurope.com\/@fr\/114907565683911162","error":""},"_links":{"self":[{"href":"https:\/\/www.europesays.com\/fr\/wp-json\/wp\/v2\/posts\/270156","targetHints":{"allow":["GET"]}}],"collection":[{"href":"https:\/\/www.europesays.com\/fr\/wp-json\/wp\/v2\/posts"}],"about":[{"href":"https:\/\/www.europesays.com\/fr\/wp-json\/wp\/v2\/types\/post"}],"author":[{"embeddable":true,"href":"https:\/\/www.europesays.com\/fr\/wp-json\/wp\/v2\/users\/2"}],"replies":[{"embeddable":true,"href":"https:\/\/www.europesays.com\/fr\/wp-json\/wp\/v2\/comments?post=270156"}],"version-history":[{"count":0,"href":"https:\/\/www.europesays.com\/fr\/wp-json\/wp\/v2\/posts\/270156\/revisions"}],"wp:featuredmedia":[{"embeddable":true,"href":"https:\/\/www.europesays.com\/fr\/wp-json\/wp\/v2\/media\/270157"}],"wp:attachment":[{"href":"https:\/\/www.europesays.com\/fr\/wp-json\/wp\/v2\/media?parent=270156"}],"wp:term":[{"taxonomy":"category","embeddable":true,"href":"https:\/\/www.europesays.com\/fr\/wp-json\/wp\/v2\/categories?post=270156"},{"taxonomy":"post_tag","embeddable":true,"href":"https:\/\/www.europesays.com\/fr\/wp-json\/wp\/v2\/tags?post=270156"}],"curies":[{"name":"wp","href":"https:\/\/api.w.org\/{rel}","templated":true}]}}