{"id":270158,"date":"2025-07-24T09:44:10","date_gmt":"2025-07-24T09:44:10","guid":{"rendered":"https:\/\/www.europesays.com\/fr\/270158\/"},"modified":"2025-07-24T09:44:10","modified_gmt":"2025-07-24T09:44:10","slug":"arrogants-tadej-pogacar-et-les-uae-certains-feraient-mieux-de-se-taire-repond-pogi","status":"publish","type":"post","link":"https:\/\/www.europesays.com\/fr\/270158\/","title":{"rendered":"Arrogants, Tadej Pogacar et les UAE\u00a0? \u00ab\u00a0Certains feraient mieux de se taire\u00a0\u00bb, r\u00e9pond Pogi"},"content":{"rendered":"<p>A chaque fin d\u2019\u00e9tape, sa petite pique entre favoris. Souvent, elle vient de <a href=\"https:\/\/www.20minutes.fr\/sport\/tadej-pogacar\/\" target=\"_blank\" class=\"color-ultramarine c-link\" rel=\"noopener\">Tadej Pogacar<\/a>, qui aime bien asticoter la <a href=\"https:\/\/www.20minutes.fr\/sport\/cyclisme\/tour-de-france\/4162357-20250707-tour-france-2025-femme-jonas-vingegaard-allume-visma-preparation-strategie-course\" target=\"_blank\" class=\"color-ultramarine c-link\" rel=\"noopener\">Visma-Lease a Bike<\/a> de <a href=\"https:\/\/www.20minutes.fr\/sport\/jonas-vingegaard\/\" target=\"_blank\" class=\"color-ultramarine c-link\" rel=\"noopener\">Jonas Vingegaard<\/a> sur sa strat\u00e9gie qui n\u2019a pas fonctionn\u00e9. Mercredi soir \u00e0 Valence, le maillot jaune ne s\u2019est encore pas priv\u00e9 de livrer le fond de sa pens\u00e9e, mais cette fois sur le peloton de mani\u00e8re g\u00e9n\u00e9rale, apr\u00e8s les critiques de mardi sur l\u2019attitude de Nils Politt en t\u00eate de peloton.<\/p>\n<p>\u00ab\u00a0Se rendre la course la plus facile possible\u00a0\u00bb<\/p>\n<p>Sur la route du Mont Ventoux, <a href=\"https:\/\/www.20minutes.fr\/sport\/cyclisme\/tour-de-france\/4164691-20250722-direct-tour-france-2025-16e-etape-mythique-mont-ventoux-simple-formalite-tadej-pogacar-suivez-etape\" target=\"_blank\" class=\"color-ultramarine c-link\" rel=\"noopener\">lors de la 16e \u00e9tape<\/a>, le lieutenant de Pogi avait fait le sh\u00e9rif, en intimidant notamment les coureurs de la Movistar qui tentaient de sortir en contre pour rejoindre l\u2019\u00e9chapp\u00e9e qui s\u2019\u00e9tait form\u00e9e. Cela avait d\u2019ailleurs provoqu\u00e9 un coup de gueule de Thomas Voeckler, qui depuis la moto de France TV, avait qualifi\u00e9 <a href=\"https:\/\/www.lequipe.fr\/Cyclisme-sur-route\/Actualites\/-ce-sont-des-attitudes-detestables-quand-nils-politt-fait-la-police-dans-le-peloton-pour-empecher-la-formation-d-une-echappee\/1579959\" rel=\"nofollow noopener\" target=\"_blank\" class=\"color-ultramarine c-link\">cette attitude de \u00ab\u00a0d\u00e9testable\u00a0\u00bb<\/a>.<\/p>\n<\/p>\n<p>Questionn\u00e9 sur l\u2019arrogance suppos\u00e9e de son \u00e9quipe, Pogacar n\u2019y est pas all\u00e9 par quatre chemins au moment de r\u00e9pondre. \u00ab\u00a0L\u2019arrogance est une chose, essayer de gagner le Tour en est une autre. Hier [mardi], on a essay\u00e9 de calmer les choses, de contr\u00f4ler le rythme de la course, a-t-il justifi\u00e9. On ne cherche pas \u00e0 \u00eatre arrogants, on essaie juste de se rendre la course la plus facile possible pour gagner.\u00a0\u00bb<\/p>\n<p><a href=\"https:\/\/www.20minutes.fr\/sport\/tour-de-france\/\" target=\"_blank\" class=\"c-link c-btn c-btn--primary\" rel=\"noopener\">Toute l&rsquo;actu du Tour de France<\/a><\/p>\n<p>Quant aux commentaires des autres \u00e9quipes et des observateurs, ce n\u2019est pas \u00e7a qui va l\u2019emp\u00eacher de dormir. \u00ab\u00a0Je pense que certains devraient se calmer et feraient mieux de se taire, a-t-il tacl\u00e9. \u00c7a peut sembler super arrogant de dire \u00e7a, mais bon\u2026\u00a0\u00bb<\/p>\n","protected":false},"excerpt":{"rendered":"A chaque fin d\u2019\u00e9tape, sa petite pique entre favoris. Souvent, elle vient de Tadej Pogacar, qui aime bien&hellip;\n","protected":false},"author":2,"featured_media":270159,"comment_status":"","ping_status":"","sticky":false,"template":"","format":"standard","meta":{"footnotes":""},"categories":[9],"tags":[207,1011,27,27884,517,60,1138,40941,210,36598],"class_list":{"0":"post-270158","1":"post","2":"type-post","3":"status-publish","4":"format-standard","5":"has-post-thumbnail","7":"category-sports","8":"tag-cyclisme","9":"tag-fr","10":"tag-france","11":"tag-jonas-vingegaard","12":"tag-sport","13":"tag-sports","14":"tag-tadej-pogacar","15":"tag-thomas-voeckler","16":"tag-tour-de-france","17":"tag-uae"},"share_on_mastodon":{"url":"https:\/\/pubeurope.com\/@fr\/114907569448833692","error":""},"_links":{"self":[{"href":"https:\/\/www.europesays.com\/fr\/wp-json\/wp\/v2\/posts\/270158","targetHints":{"allow":["GET"]}}],"collection":[{"href":"https:\/\/www.europesays.com\/fr\/wp-json\/wp\/v2\/posts"}],"about":[{"href":"https:\/\/www.europesays.com\/fr\/wp-json\/wp\/v2\/types\/post"}],"author":[{"embeddable":true,"href":"https:\/\/www.europesays.com\/fr\/wp-json\/wp\/v2\/users\/2"}],"replies":[{"embeddable":true,"href":"https:\/\/www.europesays.com\/fr\/wp-json\/wp\/v2\/comments?post=270158"}],"version-history":[{"count":0,"href":"https:\/\/www.europesays.com\/fr\/wp-json\/wp\/v2\/posts\/270158\/revisions"}],"wp:featuredmedia":[{"embeddable":true,"href":"https:\/\/www.europesays.com\/fr\/wp-json\/wp\/v2\/media\/270159"}],"wp:attachment":[{"href":"https:\/\/www.europesays.com\/fr\/wp-json\/wp\/v2\/media?parent=270158"}],"wp:term":[{"taxonomy":"category","embeddable":true,"href":"https:\/\/www.europesays.com\/fr\/wp-json\/wp\/v2\/categories?post=270158"},{"taxonomy":"post_tag","embeddable":true,"href":"https:\/\/www.europesays.com\/fr\/wp-json\/wp\/v2\/tags?post=270158"}],"curies":[{"name":"wp","href":"https:\/\/api.w.org\/{rel}","templated":true}]}}