{"id":270164,"date":"2025-07-24T09:48:11","date_gmt":"2025-07-24T09:48:11","guid":{"rendered":"https:\/\/www.europesays.com\/fr\/270164\/"},"modified":"2025-07-24T09:48:11","modified_gmt":"2025-07-24T09:48:11","slug":"de-nouveaux-affrontements-a-la-frontiere-entre-la-thailande-et-le-cambodge-font-au-moins-12-morts-liberation","status":"publish","type":"post","link":"https:\/\/www.europesays.com\/fr\/270164\/","title":{"rendered":"De nouveaux affrontements \u00e0 la fronti\u00e8re entre la Tha\u00eflande et le Cambodge font au moins 12 morts \u2013 Lib\u00e9ration"},"content":{"rendered":"<p class=\"sc-ksZaOG ehjQrN text-element\">Douze civils tha\u00eflandais, dont un enfant de 8 ans, ont \u00e9t\u00e9 tu\u00e9s ce jeudi 24 juillet lors d\u2019affrontements dans la province de Surin (nord-est), s\u00e9parant le Cambodge et la Tha\u00eflande, aggravant un peu plus les tensions entre <a href=\"https:\/\/www.liberation.fr\/international\/asie-pacifique\/surenchere-dans-le-conflit-frontalier-entre-le-cambodge-et-la-thailande-20250606_U7PM7BMGSNEV7LFSE4LH7O46YY\/\" target=\"_blank\" rel=\"noopener\" title=\"https:\/\/www.liberation.fr\/international\/asie-pacifique\/surenchere-dans-le-conflit-frontalier-entre-le-cambodge-et-la-thailande-20250606_U7PM7BMGSNEV7LFSE4LH7O46YY\/\">les deux voisins qui se disputent le trac\u00e9 de leur fronti\u00e8re commune<\/a>. Le premier bilan du Bureau du Premier ministre tha\u00eflandais rapportait plus t\u00f4t dans la matin\u00e9e qu\u2019un \u00abobus d\u2019artillerie cambodgien [avait] frapp\u00e9 la maison d\u2019un civil tha\u00eflandais, tuant une personne, blessant gri\u00e8vement un enfant de 5 ans et faisant deux autres bless\u00e9s\u00bb. <\/p>\n<p class=\"sc-ksZaOG ehjQrN text-element\">Des \u00e9changes de tirs ont \u00e9galement \u00e9clat\u00e9 ce jeudi matin autour de deux vieux temples datant de l\u2019\u00e9poque d\u2019Angkor (IXe-XVe si\u00e8cles), au niveau de la province tha\u00eflandaise de Surin et celle cambodgienne d\u2019Oddar Meanchey, a pr\u00e9cis\u00e9 une source gouvernementale cambodgienne. Les deux arm\u00e9es se sont mutuellement accus\u00e9es d\u2019avoir ouvert le feu en premier. \u00abVers 8 h 20 [3 h 20 heure de Paris, ndlr], les forces cambodgiennes ont ouvert vers le feu en direction du flanc est du temple Prasat Ta Muen Thom, \u00e0 environ 200 m\u00e8tres de la base tha\u00eflandaise\u00bb, a annonc\u00e9 l\u2019arm\u00e9e tha\u00eflandaise dans un communiqu\u00e9. En plus des onze morts d\u00e9sormais recens\u00e9s, on compte au moins quatorze bless\u00e9s.<\/p>\n<p class=\"sc-ksZaOG ehjQrN text-element\">La Tha\u00eflande a aussi accus\u00e9 le Cambodge d\u2019avoir une heure plus t\u00f4t utilis\u00e9 un drone sur le site contest\u00e9. Six soldats cambodgiens arm\u00e9s, \u00e9quip\u00e9s notamment d\u2019un lance-grenades, se sont par la suite approch\u00e9s d\u2019une cl\u00f4ture barbel\u00e9e, a affirm\u00e9 l\u2019arm\u00e9e, assurant que les troupes tha\u00eflandaises ont cri\u00e9 dans leur direction pour \u00e9viter un affrontement. <\/p>\n<p class=\"sc-ksZaOG ehjQrN text-element\">\u00abL\u2019arm\u00e9e tha\u00eflandaise a viol\u00e9 l\u2019int\u00e9grit\u00e9 territoriale du Cambodge en lan\u00e7ant une attaque arm\u00e9e sur les forces cambodgiennes\u00bb, a fustig\u00e9 de son c\u00f4t\u00e9 Maly Socheata, la porte-parole du minist\u00e8re cambodgien de la D\u00e9fense. \u00abLes forces arm\u00e9es cambodgiennes ont exerc\u00e9 leur droit de l\u00e9gitime d\u00e9fense, en pleine conformit\u00e9 avec le droit international, pour repousser l\u2019incursion tha\u00eflandaise\u00bb, a-t-elle poursuivi. L\u2019ambassade tha\u00eflandaise au Cambodge a appel\u00e9 ses concitoyens \u00e0 quitter le pays \u00able plus t\u00f4t possible\u00bb.<\/p>\n<p class=\"sc-ksZaOG ehjQrN text-element\">Le porte-parole chinois du minist\u00e8re des Affaires \u00e9trang\u00e8res, Guo Jiakun, s\u2019est dit \u00abprofond\u00e9ment pr\u00e9occup\u00e9\u00bb par les affrontements entre les deux pays. Il exhorte la Tha\u00eflande et le Cambodge \u00e0 r\u00e9soudre leurs diff\u00e9rends \u00abpar le dialogue et la consultation\u00bb. Il a d\u00e9clar\u00e9 que la Chine continuerait de \u00abpromouvoir la paix\u00bb et \u00abd\u2019encourager le dialogue [\u2026] en jouant un r\u00f4le constructif pour aider \u00e0 d\u00e9samorcer la situation\u00bb.<\/p>\n<p class=\"sc-ksZaOG ehjQrN text-element\">Les deux royaumes d\u2019Asie du Sud-Est s\u2019opposent depuis longtemps sur le trac\u00e9 de <a href=\"https:\/\/www.liberation.fr\/international\/asie-pacifique\/a-la-frontiere-entre-thailande-et-cambodge-ce-conflit-ninteresse-que-les-nationalistes-20250717_AMW2BBKTFVFOVPKKUTJ2ROJRFY\/\" target=\"_blank\" rel=\"noopener\" title=\"https:\/\/www.liberation.fr\/international\/asie-pacifique\/a-la-frontiere-entre-thailande-et-cambodge-ce-conflit-ninteresse-que-les-nationalistes-20250717_AMW2BBKTFVFOVPKKUTJ2ROJRFY\/\">leur fronti\u00e8re commune<\/a>, d\u00e9finie du temps de l\u2019Indochine fran\u00e7aise, mais la crise en cours est la plus grave depuis pr\u00e8s de quinze ans.<\/p>\n<p class=\"sc-ksZaOG ehjQrN text-element\">La mort d\u2019un soldat cambodgien lors d\u2019\u00e9changes de tirs en pleine nuit, fin mai, dans une autre zone disput\u00e9e de la fronti\u00e8re surnomm\u00e9e le \u00abTriangle d\u2019\u00e9meraude\u00bb, a mis le feu aux poudres entre Bangkok et Phnom Penh, qui ont drastiquement r\u00e9duit leurs \u00e9changes \u00e9conomiques et diplomatiques depuis.<\/p>\n<p class=\"sc-ksZaOG ehjQrN text-element\">Le Cambodge a indiqu\u00e9 ce jeudi avoir de nouveau r\u00e9trograd\u00e9 les relations diplomatiques avec son voisin, qui sont d\u00e9sormais au \u00abplus bas niveau\u00bb. La veille, Bangkok a rappel\u00e9 son ambassadeur en place \u00e0 Phnom Penh et expuls\u00e9 celui du Cambodge de son territoire apr\u00e8s qu\u2019un soldat tha\u00eflandais a perdu une jambe en marchant sur une mine \u00e0 la fronti\u00e8re.<\/p>\n<p class=\"sc-ksZaOG ehjQrN text-element\">Une enqu\u00eate de l\u2019arm\u00e9e tha\u00eflandaise a permis de d\u00e9terminer que le Cambodge avait pos\u00e9 de nouvelles mines terrestres \u00e0 la fronti\u00e8re, ont d\u00e9nonc\u00e9 les autorit\u00e9s tha\u00eflandaises. Le Cambodge a rejet\u00e9 ces accusations, et indiqu\u00e9 que des zones frontali\u00e8res restent infest\u00e9es de mines actives datant de \u00abguerres du pass\u00e9\u00bb.<\/p>\n<p class=\"sc-ksZaOG ehjQrN text-element\"><b>Mis \u00e0 jour<\/b> \u00e0 11 h 31 avec le bilan actualis\u00e9.<\/p>\n","protected":false},"excerpt":{"rendered":"Douze civils tha\u00eflandais, dont un enfant de 8 ans, ont \u00e9t\u00e9 tu\u00e9s ce jeudi 24 juillet lors d\u2019affrontements&hellip;\n","protected":false},"author":2,"featured_media":270165,"comment_status":"","ping_status":"","sticky":false,"template":"","format":"standard","meta":{"footnotes":""},"categories":[5],"tags":[11,9265,1011,27,14,12,1684,28],"class_list":{"0":"post-270164","1":"post","2":"type-post","3":"status-publish","4":"format-standard","5":"has-post-thumbnail","7":"category-international","8":"tag-actualites","9":"tag-cambodge","10":"tag-fr","11":"tag-france","12":"tag-international","13":"tag-news","14":"tag-thailande","15":"tag-world"},"share_on_mastodon":{"url":"https:\/\/pubeurope.com\/@fr\/114907585235406397","error":""},"_links":{"self":[{"href":"https:\/\/www.europesays.com\/fr\/wp-json\/wp\/v2\/posts\/270164","targetHints":{"allow":["GET"]}}],"collection":[{"href":"https:\/\/www.europesays.com\/fr\/wp-json\/wp\/v2\/posts"}],"about":[{"href":"https:\/\/www.europesays.com\/fr\/wp-json\/wp\/v2\/types\/post"}],"author":[{"embeddable":true,"href":"https:\/\/www.europesays.com\/fr\/wp-json\/wp\/v2\/users\/2"}],"replies":[{"embeddable":true,"href":"https:\/\/www.europesays.com\/fr\/wp-json\/wp\/v2\/comments?post=270164"}],"version-history":[{"count":0,"href":"https:\/\/www.europesays.com\/fr\/wp-json\/wp\/v2\/posts\/270164\/revisions"}],"wp:featuredmedia":[{"embeddable":true,"href":"https:\/\/www.europesays.com\/fr\/wp-json\/wp\/v2\/media\/270165"}],"wp:attachment":[{"href":"https:\/\/www.europesays.com\/fr\/wp-json\/wp\/v2\/media?parent=270164"}],"wp:term":[{"taxonomy":"category","embeddable":true,"href":"https:\/\/www.europesays.com\/fr\/wp-json\/wp\/v2\/categories?post=270164"},{"taxonomy":"post_tag","embeddable":true,"href":"https:\/\/www.europesays.com\/fr\/wp-json\/wp\/v2\/tags?post=270164"}],"curies":[{"name":"wp","href":"https:\/\/api.w.org\/{rel}","templated":true}]}}