{"id":270166,"date":"2025-07-24T09:49:10","date_gmt":"2025-07-24T09:49:10","guid":{"rendered":"https:\/\/www.europesays.com\/fr\/270166\/"},"modified":"2025-07-24T09:49:10","modified_gmt":"2025-07-24T09:49:10","slug":"la-couette-lavee-resurgit-cet-element-nouveau-que-justine-a-livre-aux-enqueteurs","status":"publish","type":"post","link":"https:\/\/www.europesays.com\/fr\/270166\/","title":{"rendered":"La couette lav\u00e9e resurgit\u2026 Cet \u00e9l\u00e9ment nouveau que \u00ab\u00a0Justine\u00a0\u00bb a livr\u00e9 aux enqu\u00eateurs"},"content":{"rendered":"<p>\u00c0 moins de deux mois de l\u2019ouverture tr\u00e8s attendue du proc\u00e8s de <a href=\"https:\/\/www.20minutes.fr\/faits_divers\/affaire-jubillar\/\" class=\"color-ultramarine c-link\" rel=\"nofollow noopener\" target=\"_blank\">C\u00e9dric Jubillar<\/a>, une nouvelle audition relance les sp\u00e9culations autour de la disparition de Delphine Jubillar. Ce mercredi, \u00e0 la gendarmerie d\u2019Auch, <a href=\"https:\/\/www.20minutes.fr\/justice\/4164932-20250723-affaire-jubillar-derniere-compagne-suspect-affirme-avoir-recueilli-aveux-entendue-gendarmes\" class=\"color-ultramarine c-link\" rel=\"nofollow noopener\" target=\"_blank\">les enqu\u00eateurs ont entendu \u00ab\u00a0Justine\u00a0\u00bb<\/a>, l\u2019ex-compagne de l\u2019accus\u00e9, qui <a href=\"https:\/\/www.20minutes.fr\/justice\/4163172-20250711-affaire-jubillar-cedric-jubillar-confie-ex-petite-amie-avoir-etrangle-celine\" class=\"color-ultramarine c-link\" rel=\"nofollow noopener\" target=\"_blank\">affirme que ce dernier lui aurait avou\u00e9<\/a> avoir tu\u00e9 son \u00e9pouse.<\/p>\n<p>C\u00e9dric Jubillar, mis en examen pour le meurtre de son \u00e9pouse disparue dans la nuit du 15 au 16\u00a0d\u00e9cembre 2020 \u00e0 Cagnac-les-Mines (<a href=\"https:\/\/www.20minutes.fr\/toulouse\/tarn\/\" class=\"color-ultramarine c-link\" rel=\"nofollow noopener\" target=\"_blank\">Tarn<\/a>), a toujours ni\u00e9 toute implication. Mais selon son ex-petite amie, \u00ab\u00a0Justine\u00a0\u00bb, il lui aurait confi\u00e9 au parloir de la maison d\u2019arr\u00eat de Seysses avoir \u00e9trangl\u00e9 la m\u00e8re de ses enfants.<\/p>\n<\/p>\n<p>Une housse de couette lav\u00e9e<\/p>\n<p>Lors de cette audition de plusieurs heures, men\u00e9e par la section de recherches de Toulouse, \u00ab\u00a0Justine\u00a0\u00bb a livr\u00e9 un d\u00e9tail suppl\u00e9mentaire. Selon <a href=\"https:\/\/www.leparisien.fr\/faits-divers\/disparition-de-delphine-jubillar-la-derniere-compagne-de-cedric-jubillar-entendue-par-la-justice-23-07-2025-3P334UML5VBT7JGW7GI4ISPVJU.php?ts=1753339992090\" rel=\"nofollow noopener\" target=\"_blank\" class=\"color-ultramarine c-link\">Le Parisien<\/a>, elle a \u00e9voqu\u00e9 la housse de couette, encore humide, rep\u00e9r\u00e9e par les gendarmes sur un s\u00e9choir \u00e0 linge au domicile des Jubillar quelques heures seulement apr\u00e8s la disparition de Delphine. Selon ses dires, C\u00e9dric Jubillar lui aurait expliqu\u00e9 avoir lav\u00e9 cette housse pour effacer les traces laiss\u00e9es par les pertes urinaires de sa femme cons\u00e9cutives \u00e0 l\u2019\u00e9tranglement qu\u2019elle aurait subi.<\/p>\n<p>Interrog\u00e9 \u00e0 ce sujet au cours de l\u2019instruction, C\u00e9dric Jubillar avait d\u2019abord indiqu\u00e9 avoir lav\u00e9 la couette parce que ses chiens auraient urin\u00e9 dessus, avant de changer de version.<\/p>\n<p>\u00ab\u00a0J\u2019ai d\u00e9j\u00e0 tu\u00e9 une fois, ne me trompe pas et tout se passera bien\u00a0\u00bb<\/p>\n<p>L\u2019accus\u00e9 aurait, selon des documents judiciaires, d\u00e9j\u00e0 affirm\u00e9 \u00e0 un cod\u00e9tenu ainsi qu\u2019\u00e0 une autre ex-compagne avoir tu\u00e9 Delphine Jubillar. \u00ab\u00a0J\u2019ai d\u00e9j\u00e0 tu\u00e9 une fois, ne me trompe pas et tout se passera bien\u00a0\u00bb, aurait notamment dit le peintre plaquiste \u00e0 \u00ab\u00a0Justine\u00a0\u00bb, selon des propos rapport\u00e9s le 11\u00a0juillet \u00e0 l\u2019AFP par Me Alogo de Obono, l\u2019avocat de \u00ab\u00a0Justine\u00a0\u00bb.<\/p>\n<p>Lors de son audition mercredi \u00ab\u00a0elle a tenu les m\u00eames propos que lors des r\u00e9v\u00e9lations [\u2026] et elle a notamment donn\u00e9 de nouveaux d\u00e9tails qu\u2019elle r\u00e9servait uniquement \u00e0 la justice\u00a0\u00bb, a indiqu\u00e9 l\u2019avocat \u00e0 l\u2019AFP. C\u00e9dric Jubillar aurait \u00e9galement racont\u00e9 avoir br\u00fbl\u00e9 le corps, selon Me Alogo de Obono, dans une ferme situ\u00e9e \u00ab\u00a0dans un p\u00e9rim\u00e8tre de 15\u00a0km de la maison\u00a0\u00bb des Jubillar, \u00e0 Cagnac-les-Mines.<\/p>\n<p>Une \u00ab\u00a0provocation\u00a0\u00bb selon les avocats de C\u00e9dric Jubillar<\/p>\n<p>\u00ab\u00a0Si ces propos ont \u00e9t\u00e9 tenus, ils peuvent relever d\u2019une provocation qui ne serait que la troisi\u00e8me. Je crois que, dans le caract\u00e8re qui est le sien, il peut, peut-\u00eatre de guerre lasse, \u00e0 force d\u2019entendre \u00ab\u00a0mais qu\u2019est-ce qui s\u2019est pass\u00e9\u00a0? \u00ab\u00a0, par provocation, raconter n\u2019importe quoi\u00a0\u00bb, a estim\u00e9 l\u2019avocat de C\u00e9dric Jubillar Me Alary.<\/p>\n<p>\u00ab\u00a0Si on prend un peu de recul, les premi\u00e8res r\u00e9v\u00e9lations ont fait l\u2019objet d\u2019investigations. \u00c7a n\u2019a strictement rien donn\u00e9. Les deuxi\u00e8mes r\u00e9v\u00e9lations \u00e0 son cod\u00e9tenu ont fait l\u2019objet d\u2019investigations, \u00e7a n\u2019a strictement rien donn\u00e9 non plus\u00a0\u00bb, a-t-il encore affirm\u00e9. De nouvelles fouilles pourraient \u00eatre ordonn\u00e9es \u00e0 la suite de l\u2019audition de mercredi.<\/p>\n","protected":false},"excerpt":{"rendered":"\u00c0 moins de deux mois de l\u2019ouverture tr\u00e8s attendue du proc\u00e8s de C\u00e9dric Jubillar, une nouvelle audition relance&hellip;\n","protected":false},"author":2,"featured_media":270167,"comment_status":"","ping_status":"","sticky":false,"template":"","format":"standard","meta":{"footnotes":""},"categories":[4],"tags":[47,11,33044,1067,118,3555,1011,27,2722,303,777,2721,12,2680,2694,25,104,8412,2312],"class_list":{"0":"post-270166","1":"post","2":"type-post","3":"status-publish","4":"format-standard","5":"has-post-thumbnail","7":"category-france","8":"tag-actualite","9":"tag-actualites","10":"tag-affaire-jubillar","11":"tag-enquete","12":"tag-faits-divers","13":"tag-feminicide","14":"tag-fr","15":"tag-france","16":"tag-haute-garonne","17":"tag-justice","18":"tag-meurtre","19":"tag-midi-pyrenees","20":"tag-news","21":"tag-occitanie","22":"tag-proces","23":"tag-republique-francaise","24":"tag-societe","25":"tag-tarn","26":"tag-toulouse"},"share_on_mastodon":{"url":"https:\/\/pubeurope.com\/@fr\/114907589136077581","error":""},"_links":{"self":[{"href":"https:\/\/www.europesays.com\/fr\/wp-json\/wp\/v2\/posts\/270166","targetHints":{"allow":["GET"]}}],"collection":[{"href":"https:\/\/www.europesays.com\/fr\/wp-json\/wp\/v2\/posts"}],"about":[{"href":"https:\/\/www.europesays.com\/fr\/wp-json\/wp\/v2\/types\/post"}],"author":[{"embeddable":true,"href":"https:\/\/www.europesays.com\/fr\/wp-json\/wp\/v2\/users\/2"}],"replies":[{"embeddable":true,"href":"https:\/\/www.europesays.com\/fr\/wp-json\/wp\/v2\/comments?post=270166"}],"version-history":[{"count":0,"href":"https:\/\/www.europesays.com\/fr\/wp-json\/wp\/v2\/posts\/270166\/revisions"}],"wp:featuredmedia":[{"embeddable":true,"href":"https:\/\/www.europesays.com\/fr\/wp-json\/wp\/v2\/media\/270167"}],"wp:attachment":[{"href":"https:\/\/www.europesays.com\/fr\/wp-json\/wp\/v2\/media?parent=270166"}],"wp:term":[{"taxonomy":"category","embeddable":true,"href":"https:\/\/www.europesays.com\/fr\/wp-json\/wp\/v2\/categories?post=270166"},{"taxonomy":"post_tag","embeddable":true,"href":"https:\/\/www.europesays.com\/fr\/wp-json\/wp\/v2\/tags?post=270166"}],"curies":[{"name":"wp","href":"https:\/\/api.w.org\/{rel}","templated":true}]}}