{"id":270172,"date":"2025-07-24T09:52:09","date_gmt":"2025-07-24T09:52:09","guid":{"rendered":"https:\/\/www.europesays.com\/fr\/270172\/"},"modified":"2025-07-24T09:52:09","modified_gmt":"2025-07-24T09:52:09","slug":"neuf-ans-apres-lattentat-de-saint-etienne-du-rouvray-des-medailles-pour-les-religieux-victimes-du-terrorisme","status":"publish","type":"post","link":"https:\/\/www.europesays.com\/fr\/270172\/","title":{"rendered":"Neuf ans apr\u00e8s l&rsquo;attentat de Saint-\u00c9tienne-du-Rouvray, des m\u00e9dailles pour les religieux victimes du terrorisme"},"content":{"rendered":"<p>            Par<br \/>\n        <strong><br \/>\n            <a href=\"https:\/\/actu.fr\/auteur\/adrien-filoche\" title=\"Consulter tous les articles de Adrien Filoche\" target=\"_blank\" rel=\"noopener\">Adrien Filoche<\/a><br \/>\n        <\/strong><\/p>\n<p>        Publi\u00e9 le<\/p>\n<p>            24 juil. 2025 \u00e0 11h42        <\/p>\n<p><strong>Hommage.<\/strong> Le 26\u00a0juillet 2025, soit neuf ans jour pour jour apr\u00e8s <a href=\"https:\/\/actu.fr\/normandie\/saint-etienne-du-rouvray_76575\/attentat-de-saint-etienne-du-rouvray-qui-est-le-terroriste-qui-a-assassine-le-pere-hamel_803429.html\" target=\"_blank\" rel=\"noopener\">l\u2019attentat terroriste<\/a> perp\u00e9tr\u00e9 \u00e0 l\u2019\u00e9glise de <a href=\"https:\/\/actu.fr\/normandie\/saint-etienne-du-rouvray_76575\" target=\"_blank\" rel=\"noopener\">Saint-\u00c9tienne-du-Rouvray (Seine-Maritime)<\/a> qui avait co\u00fbt\u00e9 la vie au p\u00e8re Hamel, une c\u00e9r\u00e9monie est organis\u00e9e dans la commune pour <strong>reconna\u00eetre les victimes du terrorisme.<\/strong><\/p>\n<p>Le p\u00e8re Hamel recevra la m\u00e9daille \u00e0 titre posthume<\/p>\n<p class=\" wall-content\">Lors de cette c\u00e9r\u00e9monie, qui d\u00e9butera \u00e0 10h30, cinq paroissiens recevront de la part du pr\u00e9fet de la Seine-Maritime la M\u00e9daille nationale de reconnaissance aux victimes du terrorisme.<\/p>\n<p class=\" wall-content\">Le p\u00e8re Hamel, mort sous les coups des assaillants, recevra cette distinction \u00e0 titre posthume, de m\u00eame que Janine Coponet, d\u00e9c\u00e9d\u00e9e en avril\u00a02021.<\/p>\n<p class=\" wall-content\">Les trois autres distinctions seront attribu\u00e9es \u00e0 Guy Coponet, <a href=\"https:\/\/actu.fr\/normandie\/saint-etienne-du-rouvray_76575\/proces-de-l-assassinat-du-pere-hamel-le-recit-glacant-de-guy-coponet-survivant-de-l-attaque_48770383.html\" target=\"_blank\" rel=\"noopener\">(qui avait notamment d\u00e9crit le r\u00e9cit de l\u2019attaque en 2022 au tribunal de Paris)<\/a>, ainsi qu\u2019aux religieuses Danielle Delafosse et Huguette P\u00e9ron.<\/p>\n<p>Quelle est cette distinction\u2009?<\/p>\n<p class=\" wall-content\">\u00ab\u2009Il s\u2019agit d\u2019une d\u00e9coration particuli\u00e8re qui n\u2019a pas vocation \u00e0 r\u00e9compenser des services rendus, mais qui manifeste l\u2019hommage de la Nation \u00e0 ceux qui sont tu\u00e9s, bless\u00e9s ou s\u00e9questr\u00e9s lors d\u2019\u00e9v\u00e9nements terroristes, commis sur le sol national ou \u00e0 l\u2019\u00e9tranger contre les int\u00e9r\u00eats de la R\u00e9publique fran\u00e7aise\u2009\u00bb, explique la pr\u00e9fecture de la Seine-Maritime.<\/p>\n<blockquote class=\"ac-article-quote wall-content\">\n<p>Cette m\u00e9daille ambitionne de contribuer \u00e0 la reconstruction de ceux qui ont surv\u00e9cu.<\/p>\n<p>    <strong>La pr\u00e9fecture de la Seine-Maritime<\/strong>\n            <\/p><\/blockquote>\n<p class=\" wall-content\">Depuis la premi\u00e8re attribution le 1er\u00a0juin 2018, 1091 personnes ont re\u00e7u la M\u00e9daille de reconnaissance aux victimes du terrorisme.<\/p>\n<p>Suivez l\u2019actualit\u00e9 de Rouen sur <a href=\"https:\/\/www.whatsapp.com\/channel\/0029VaKfnf99hXF2ddApFB1D\" target=\"_blank\" rel=\"noopener\">notre cha\u00eene WhatsApp<\/a> et sur <a href=\"https:\/\/www.tiktok.com\/@76actu.fr?lang=fr\" target=\"_blank\" rel=\"noopener\">notre compte TikTok<\/a><\/p>\n<p class=\" wall-content\">Suivez toute l\u2019actualit\u00e9 de vos villes et m\u00e9dias favoris en vous inscrivant \u00e0 <a href=\"https:\/\/moncompte.actu.fr\" title=\"D\u00e9couvez Mon Actu\" rel=\"nofollow noopener\" data-trk=\"{&quot;cta&quot;:{&quot;action&quot;:&quot;https:\\\/\\\/moncompte.actu.fr&quot;,&quot;category&quot;:&quot;mon compte&quot;,&quot;from&quot;:&quot;article footer&quot;,&quot;name&quot;:&quot;Mon actu&quot;,&quot;type&quot;:&quot;cta&quot;}}\" target=\"_blank\">Mon Actu<\/a>.<\/p>\n<ul class=\"ac-article-tag wall-content\">\n<li><a href=\"https:\/\/actu.fr\/tag\/attentat-de-saint-etienne-du-rouvray\" data-trk=\"{&quot;cta&quot;:{&quot;action&quot;:&quot;Attentat de Saint-\\u00c9tienne-du-Rouvray&quot;,&quot;category&quot;:&quot;tag&quot;,&quot;from&quot;:&quot;article footer&quot;,&quot;name&quot;:&quot;Attentat de Saint-\\u00c9tienne-du-Rouvray&quot;,&quot;type&quot;:&quot;cta&quot;}}\" target=\"_blank\" rel=\"noopener\">#Attentat de Saint-\u00c9tienne-du-Rouvray<\/a><\/li>\n<li><a href=\"https:\/\/actu.fr\/tag\/terrorisme\" data-trk=\"{&quot;cta&quot;:{&quot;action&quot;:&quot;Terrorisme&quot;,&quot;category&quot;:&quot;tag&quot;,&quot;from&quot;:&quot;article footer&quot;,&quot;name&quot;:&quot;Terrorisme&quot;,&quot;type&quot;:&quot;cta&quot;}}\" target=\"_blank\" rel=\"noopener\">#Terrorisme<\/a><\/li>\n<\/ul>\n<p>                    <script async src=\"\/\/www.tiktok.com\/embed.js\"><\/script><\/p>\n","protected":false},"excerpt":{"rendered":"Par Adrien Filoche Publi\u00e9 le 24 juil. 2025 \u00e0 11h42 Hommage. Le 26\u00a0juillet 2025, soit neuf ans jour&hellip;\n","protected":false},"author":2,"featured_media":270173,"comment_status":"","ping_status":"","sticky":false,"template":"","format":"standard","meta":{"footnotes":""},"categories":[9653],"tags":[1111,11,40942,2430,1777,674,1011,27,12,25,4001,104,1254],"class_list":{"0":"post-270172","1":"post","2":"type-post","3":"status-publish","4":"format-standard","5":"has-post-thumbnail","7":"category-saint-etienne","8":"tag-actu","9":"tag-actualites","10":"tag-attentat-de-saint-etienne-du-rouvray","11":"tag-auvergne-rhone-alpes","12":"tag-eu","13":"tag-europe","14":"tag-fr","15":"tag-france","16":"tag-news","17":"tag-republique-francaise","18":"tag-saint-etienne","19":"tag-societe","20":"tag-terrorisme"},"share_on_mastodon":{"url":"https:\/\/pubeurope.com\/@fr\/114907600784049040","error":""},"_links":{"self":[{"href":"https:\/\/www.europesays.com\/fr\/wp-json\/wp\/v2\/posts\/270172","targetHints":{"allow":["GET"]}}],"collection":[{"href":"https:\/\/www.europesays.com\/fr\/wp-json\/wp\/v2\/posts"}],"about":[{"href":"https:\/\/www.europesays.com\/fr\/wp-json\/wp\/v2\/types\/post"}],"author":[{"embeddable":true,"href":"https:\/\/www.europesays.com\/fr\/wp-json\/wp\/v2\/users\/2"}],"replies":[{"embeddable":true,"href":"https:\/\/www.europesays.com\/fr\/wp-json\/wp\/v2\/comments?post=270172"}],"version-history":[{"count":0,"href":"https:\/\/www.europesays.com\/fr\/wp-json\/wp\/v2\/posts\/270172\/revisions"}],"wp:featuredmedia":[{"embeddable":true,"href":"https:\/\/www.europesays.com\/fr\/wp-json\/wp\/v2\/media\/270173"}],"wp:attachment":[{"href":"https:\/\/www.europesays.com\/fr\/wp-json\/wp\/v2\/media?parent=270172"}],"wp:term":[{"taxonomy":"category","embeddable":true,"href":"https:\/\/www.europesays.com\/fr\/wp-json\/wp\/v2\/categories?post=270172"},{"taxonomy":"post_tag","embeddable":true,"href":"https:\/\/www.europesays.com\/fr\/wp-json\/wp\/v2\/tags?post=270172"}],"curies":[{"name":"wp","href":"https:\/\/api.w.org\/{rel}","templated":true}]}}