{"id":270176,"date":"2025-07-24T09:55:10","date_gmt":"2025-07-24T09:55:10","guid":{"rendered":"https:\/\/www.europesays.com\/fr\/270176\/"},"modified":"2025-07-24T09:55:10","modified_gmt":"2025-07-24T09:55:10","slug":"au-pradet-une-action-de-sensibilisation-pour-un-littoral-plus-propre","status":"publish","type":"post","link":"https:\/\/www.europesays.com\/fr\/270176\/","title":{"rendered":"Au Pradet, une action de sensibilisation pour un littoral plus propre"},"content":{"rendered":"<p>                    <img loading=\"lazy\" decoding=\"async\" src=\"https:\/\/www.europesays.com\/fr\/wp-content\/uploads\/2025\/07\/6d3e88342a1bfef698b7e90aca697f.jpg\" class=\"img-responsive post-image\" width=\"680\" height=\"510\" alt=\"Au Pradet, une action (\u2026)\" title=\"Au Pradet, une action de sensibilisation pour un littoral plus propre\"\/><\/p>\n<p class=\"chapo\">Plusieurs acteurs locaux se sont mobilis\u00e9s pour une sensibilisation \u00e0 la gestion des d\u00e9chets, dans une d\u00e9marche \u00e9ducative et citoyenne.<\/p>\n<p class=\"texte\">Ainsi, l\u2019association \u00ab\u00a0<strong>On s\u00e8me pour demain<\/strong>\u00a0\u00bb, en partenariat avec l\u2019ODEL Var, le Conseil Municipal des Enfants (CME) et avec le soutien des \u00ab\u00a0Chercheurs en herbe\u00a0\u00bb, a conduit deux op\u00e9rations \u00e0 destination des enfants. Ces actions se sont d\u00e9roul\u00e9es dans un esprit de sensibilisation aux enjeux environnementaux, en particulier autour de la question des d\u00e9chets abandonn\u00e9s en milieu naturel.<\/p>\n<p>Sur le terrain, les participants ont emprunt\u00e9 le sentier qui descend vers la plage du Monaco, scrutant les abords \u00e0 la recherche de d\u00e9tritus. Ils ont \u00e9t\u00e9 supris car ils n\u2019ont trouv\u00e9 que peu de d\u00e9chets volumineux, signe encourageant d\u2019un espace pr\u00e9serv\u00e9. Toutefois, un constat pr\u00e9occupant a temp\u00e9r\u00e9 cet optimisme puisqu\u2019ils ont constat\u00e9 une forte pr\u00e9sence de m\u00e9gots de cigarettes. Persistants et polluants, ces d\u00e9chets t\u00e9moignent d\u2019un geste banal \u00e0 proscrire qui a un impact durable sur l\u2019environnement. D\u2019ailleurs, depuis le 1er juillet, en jetant un m\u00e9got sur la plage vous risquez une amende de 135\u20ac.<\/p>\n<p>Au-del\u00e0 du nettoyage, ces matin\u00e9es ont \u00e9t\u00e9 l\u2019occasion d\u2019\u00e9changer sur les bons gestes \u00e0 adopter, de comprendre les cons\u00e9quences des incivilit\u00e9s et de renforcer la conscience \u00e9cologique des jeunes g\u00e9n\u00e9rations. Cela permet de conjuguer action concr\u00e8te et p\u00e9dagogie, tout en renfor\u00e7ant le lien entre les enfants, les associations et les institutions locales.<\/p>\n<p>Photo de Une \u00a9PRESSE AGENCE<\/p>\n","protected":false},"excerpt":{"rendered":"Plusieurs acteurs locaux se sont mobilis\u00e9s pour une sensibilisation \u00e0 la gestion des d\u00e9chets, dans une d\u00e9marche \u00e9ducative&hellip;\n","protected":false},"author":2,"featured_media":270177,"comment_status":"","ping_status":"","sticky":false,"template":"","format":"standard","meta":{"footnotes":""},"categories":[9619],"tags":[1111,11,2408,1777,674,1011,27,12,882,25,2310],"class_list":{"0":"post-270176","1":"post","2":"type-post","3":"status-publish","4":"format-standard","5":"has-post-thumbnail","7":"category-toulon","8":"tag-actu","9":"tag-actualites","10":"tag-appels-d","11":"tag-eu","12":"tag-europe","13":"tag-fr","14":"tag-france","15":"tag-news","16":"tag-provence-alpes-cote-dazur","17":"tag-republique-francaise","18":"tag-toulon"},"share_on_mastodon":{"url":"https:\/\/pubeurope.com\/@fr\/114907612609295081","error":""},"_links":{"self":[{"href":"https:\/\/www.europesays.com\/fr\/wp-json\/wp\/v2\/posts\/270176","targetHints":{"allow":["GET"]}}],"collection":[{"href":"https:\/\/www.europesays.com\/fr\/wp-json\/wp\/v2\/posts"}],"about":[{"href":"https:\/\/www.europesays.com\/fr\/wp-json\/wp\/v2\/types\/post"}],"author":[{"embeddable":true,"href":"https:\/\/www.europesays.com\/fr\/wp-json\/wp\/v2\/users\/2"}],"replies":[{"embeddable":true,"href":"https:\/\/www.europesays.com\/fr\/wp-json\/wp\/v2\/comments?post=270176"}],"version-history":[{"count":0,"href":"https:\/\/www.europesays.com\/fr\/wp-json\/wp\/v2\/posts\/270176\/revisions"}],"wp:featuredmedia":[{"embeddable":true,"href":"https:\/\/www.europesays.com\/fr\/wp-json\/wp\/v2\/media\/270177"}],"wp:attachment":[{"href":"https:\/\/www.europesays.com\/fr\/wp-json\/wp\/v2\/media?parent=270176"}],"wp:term":[{"taxonomy":"category","embeddable":true,"href":"https:\/\/www.europesays.com\/fr\/wp-json\/wp\/v2\/categories?post=270176"},{"taxonomy":"post_tag","embeddable":true,"href":"https:\/\/www.europesays.com\/fr\/wp-json\/wp\/v2\/tags?post=270176"}],"curies":[{"name":"wp","href":"https:\/\/api.w.org\/{rel}","templated":true}]}}