{"id":270182,"date":"2025-07-24T10:02:11","date_gmt":"2025-07-24T10:02:11","guid":{"rendered":"https:\/\/www.europesays.com\/fr\/270182\/"},"modified":"2025-07-24T10:02:11","modified_gmt":"2025-07-24T10:02:11","slug":"cetait-quelquun-de-vraiment-bon","status":"publish","type":"post","link":"https:\/\/www.europesays.com\/fr\/270182\/","title":{"rendered":"C&rsquo;\u00e9tait quelqu&rsquo;un de vraiment bon"},"content":{"rendered":"<p>            Par<br \/>\n        <strong><br \/>\n            <a href=\"https:\/\/actu.fr\/auteur\/lisa-rodrigues\" title=\"Consulter tous les articles de Lisa Rodrigues\" rel=\"nofollow noopener\" target=\"_blank\">Lisa Rodrigues<\/a><br \/>\n        <\/strong><\/p>\n<p>        Publi\u00e9 le<\/p>\n<p>            24 juil. 2025 \u00e0 11h32        <\/p>\n<p><img decoding=\"async\" loading=\"lazy\" src=\"https:\/\/www.europesays.com\/fr\/wp-content\/uploads\/2025\/07\/mur-estacade-grenoble-960x640.jpeg\" alt=\"L'artiste grenoblois Ness\u00e9, de son vrai nom J\u00e9r\u00f4me Favre, a r\u00e9alis\u00e9 une fresque en hommage \u00e0 Lilian Dejean, employ\u00e9 municipal tu\u00e9 par balle il y a un an. \" width=\"960\" height=\"640\"\/>L\u2019artiste grenoblois Ness\u00e9, de son vrai nom J\u00e9r\u00f4me Favre, a r\u00e9alis\u00e9 une fresque en hommage \u00e0 Lilian Dejean, employ\u00e9 municipal tu\u00e9 par balle il y a un an. (\u00a9Document remis \u00e0 actu Grenoble \/ Ness\u00e9)<\/p>\n<p class=\" wall-content\">Cela fait presque un an que Lilian Dejean, employ\u00e9 au service propret\u00e9 de la Ville de Grenoble, a \u00e9t\u00e9 <a href=\"https:\/\/actu.fr\/auvergne-rhone-alpes\/grenoble_38185\/grenoble-qui-est-lilian-dejean-l-agent-municipal-tue-par-balles-dimanche_61581645.html\" rel=\"nofollow noopener\" target=\"_blank\">tu\u00e9 par balle<\/a> en pleine rue alors qu\u2019il tentait d\u2019emp\u00eacher un automobiliste responsable d\u2019un accident de prendre la fuite.<br \/>Depuis, l\u2019\u00e9motion n\u2019est pas compl\u00e8tement retomb\u00e9e dans la ville o\u00f9 il a grandi. Habitu\u00e9 \u00e0 le voir en service sur le march\u00e9 de son quartier, \u00e0 l\u2019Estacade, <strong>l\u2019artiste grenoblois Ness\u00e9<\/strong> \u2013 de son vrai nom J\u00e9r\u00f4me Favre \u2013 vient de d\u00e9voiler <strong>une fresque<\/strong> repr\u00e9sentant Lilian. Un hommage pour ne pas oublier \u00ab\u00a0quelqu\u2019un de vraiment bon qui est d\u00e9c\u00e9d\u00e9 de fa\u00e7on brutale\u00a0\u00bb, explique l\u2019artiste \u00e0 la r\u00e9daction.<\/p>\n<p>Un projet en accord avec la famille<\/p>\n<p class=\" wall-content\">L\u2019artiste n\u2019\u00e9tait pas ami avec Lilian, mais il le voyait fr\u00e9quemment en service sur le march\u00e9 de l\u2019Estacade avec ses coll\u00e8gues. \u00ab\u00a0C\u2019est une personne famili\u00e8re, il nettoyait le march\u00e9 et avait cette approche du travail bien fait. Quand j\u2019entendais parler de lui, je n\u2019entendais jamais de reproches\u00a0\u00bb, se souvient Ness\u00e9.<\/p>\n<blockquote class=\"ac-article-quote wall-content\">\n<p>Lilian \u00e9tait entra\u00eenant. Quand on le croisait, on \u00e9tait s\u00fbr de passer une bonne journ\u00e9e !<\/p>\n<p>    <strong>Ness\u00e9<\/strong><br \/>\n        Artiste grenoblois    <\/p><\/blockquote>\n<p class=\" wall-content\">Pour l\u2019artiste, il est important \u00ab\u00a0que son souvenir soit visible\u00a0\u00bb. L\u2019id\u00e9e est donc lanc\u00e9e de repr\u00e9senter l\u2019employ\u00e9 municipal sur le pont de l\u2019Estacade, concern\u00e9 par un projet artistique (lire encadr\u00e9 plus bas).<\/p>\n<p class=\" wall-content\">Ness\u00e9 prend donc contact avec la famille de Lilian, qui \u00ab\u00a0a accept\u00e9 tout de suite le projet\u00a0\u00bb et a choisi le selfie qui a servi de mod\u00e8le \u00e0 l\u2019artiste. Certains de ses proches ont aussi assist\u00e9 \u00e0 la cr\u00e9ation de la fresque et ont \u00e9chang\u00e9 avec les passants et habitants. \u00ab\u00a0Beaucoup ont reconnu son visage et se rappelaient de Lilian\u00a0\u00bb, assure Ness\u00e9.<\/p>\n<p>\u00ab\u00a0C\u2019est devenu un mur hommage\u00a0\u00bb<\/p>\n<p class=\" wall-content\">En moins d\u2019une semaine, l\u2019artiste termine la fresque de l\u2019employ\u00e9 municipal. Repr\u00e9sent\u00e9 <strong>souriant<\/strong> et la main sur le c\u0153ur, avec en toile de fond des palmiers rappelant la Guadeloupe, \u00eele d\u2019origine de Lilian.<\/p>\n<p class=\" wall-content\">Il appara\u00eet d\u00e9sormais aux c\u00f4t\u00e9s de figures du quartier, dont un mara\u00eecher historique du march\u00e9 et un ancien cheminot.<\/p>\n<p class=\" wall-content\">\u00ab\u00a0C\u2019est devenu un mur hommage, sourit Ness\u00e9. Des fresques comme celles-ci, il y en a beaucoup dans d\u2019autres villes, comme \u00e0 Lyon o\u00f9 ce sont <a href=\"https:\/\/actu.fr\/auvergne-rhone-alpes\/lyon_69123\/lyon-cette-celebre-fresque-en-danger-son-mur-se-degrade-des-morceaux-tombent_62595313.html\" rel=\"nofollow noopener\" target=\"_blank\">surtout des c\u00e9l\u00e9brit\u00e9s<\/a> qui sont repr\u00e9sent\u00e9es. \u00c0 Grenoble, ce sont plus <a href=\"https:\/\/actu.fr\/auvergne-rhone-alpes\/grenoble_38185\/quatre-ans-apres-son-operation-du-coeur-nicolas-keramidas-realise-une-fresque-au-chu-de-grenoble_43760762.html\" rel=\"nofollow noopener\" target=\"_blank\">des gens de la vie de tous les jours<\/a>, de la vie du quartier.\u00a0\u00bb\u00a0<\/p>\n<p>Le projet d&rsquo;habillage du pont de l&rsquo;Estacade <\/p>\n<p>La fresque de Lilian Dejean n&rsquo;est pas la premi\u00e8re \u0153uvre peinte du pont de l&rsquo;Estacade. Ness\u00e9 et d&rsquo;autres artistes travaillent depuis plusieurs ann\u00e9es sur le projet, lanc\u00e9 en partenariat avec la SNCF et la Ville. <br \/>Long de 700m et construit en 1964, ce pont est un trait d\u2019union entre les quartiers de l\u2019Aigle, Chorier\/Berriat et la gare. Il abrite aussi le march\u00e9 de l&rsquo;Estacade, l&rsquo;un des plus grands de Grenoble. Une partie des \u0153uvres repr\u00e9sente ainsi des sc\u00e8nes de vie locale et figures du quartier.<\/p>\n<p>Ses anciens coll\u00e8gues \u00ab\u00a0l\u2019ont reconnu tout de suite\u00a0\u00bb\u00a0<\/p>\n<p class=\" wall-content\">La localisation de la fresque prend aussi tout son sens, quand on sait que c\u2019est un <strong>point de passage majeur <\/strong>au centre de la ville. \u00ab\u00a0Et depuis le feu, les agents du <a href=\"https:\/\/actu.fr\/auvergne-rhone-alpes\/grenoble_38185\/grenoble-les-depots-sauvages-gachent-la-vie-des-habitants-la-mairie-durcit-le-ton_62558010.html\" rel=\"nofollow noopener\" target=\"_blank\">service propret\u00e9<\/a> qui passent r\u00e9guli\u00e8rement en camion l\u2019ont pile en visu\u00a0\u00bb, souffle l\u2019artiste.<\/p>\n<p class=\" wall-content\">Quelques-uns d\u2019entre eux sont venus pendant que Ness\u00e9 \u00e9tait en train de peindre le visage de Lilian. \u00ab\u00a0D\u00e8s le dimanche matin, ils \u00e9taient pr\u00e9sents. Ils l\u2019ont reconnu tout de suite, ils prenaient des photos en pleurant devant\u00a0\u00bb l\u2019image de leur coll\u00e8gue tu\u00e9, souffle l\u2019artiste.\u00a0<\/p>\n<p class=\" wall-content\">Plusieurs services de la mairie ont d\u2019ailleurs soutenu le projet en permettant \u00e0 Ness\u00e9 d\u2019acc\u00e9der au mur. \u00ab\u00a0D\u2019une certaine mani\u00e8re, cette fresque, c\u2019est aussi un hommage aux services qui rendent la ville plus propre\u00a0\u00bb, conclut le Grenoblois.<\/p>\n<p class=\" wall-content\">Suivez toute l\u2019actualit\u00e9 de vos villes et m\u00e9dias favoris en vous inscrivant \u00e0 <a href=\"https:\/\/moncompte.actu.fr\" title=\"D\u00e9couvez Mon Actu\" rel=\"nofollow noopener\" data-trk=\"{&quot;cta&quot;:{&quot;action&quot;:&quot;https:\\\/\\\/moncompte.actu.fr&quot;,&quot;category&quot;:&quot;mon compte&quot;,&quot;from&quot;:&quot;article footer&quot;,&quot;name&quot;:&quot;Mon actu&quot;,&quot;type&quot;:&quot;cta&quot;}}\" target=\"_blank\">Mon Actu<\/a>.<\/p>\n","protected":false},"excerpt":{"rendered":"Par Lisa Rodrigues Publi\u00e9 le 24 juil. 2025 \u00e0 11h32 L\u2019artiste grenoblois Ness\u00e9, de son vrai nom J\u00e9r\u00f4me&hellip;\n","protected":false},"author":2,"featured_media":270183,"comment_status":"","ping_status":"","sticky":false,"template":"","format":"standard","meta":{"footnotes":""},"categories":[9566],"tags":[1111,11,1477,2430,1777,674,1011,27,2731,777,12,25,104],"class_list":{"0":"post-270182","1":"post","2":"type-post","3":"status-publish","4":"format-standard","5":"has-post-thumbnail","7":"category-grenoble","8":"tag-actu","9":"tag-actualites","10":"tag-artisanat","11":"tag-auvergne-rhone-alpes","12":"tag-eu","13":"tag-europe","14":"tag-fr","15":"tag-france","16":"tag-grenoble","17":"tag-meurtre","18":"tag-news","19":"tag-republique-francaise","20":"tag-societe"},"share_on_mastodon":{"url":"https:\/\/pubeurope.com\/@fr\/114907640191846496","error":""},"_links":{"self":[{"href":"https:\/\/www.europesays.com\/fr\/wp-json\/wp\/v2\/posts\/270182","targetHints":{"allow":["GET"]}}],"collection":[{"href":"https:\/\/www.europesays.com\/fr\/wp-json\/wp\/v2\/posts"}],"about":[{"href":"https:\/\/www.europesays.com\/fr\/wp-json\/wp\/v2\/types\/post"}],"author":[{"embeddable":true,"href":"https:\/\/www.europesays.com\/fr\/wp-json\/wp\/v2\/users\/2"}],"replies":[{"embeddable":true,"href":"https:\/\/www.europesays.com\/fr\/wp-json\/wp\/v2\/comments?post=270182"}],"version-history":[{"count":0,"href":"https:\/\/www.europesays.com\/fr\/wp-json\/wp\/v2\/posts\/270182\/revisions"}],"wp:featuredmedia":[{"embeddable":true,"href":"https:\/\/www.europesays.com\/fr\/wp-json\/wp\/v2\/media\/270183"}],"wp:attachment":[{"href":"https:\/\/www.europesays.com\/fr\/wp-json\/wp\/v2\/media?parent=270182"}],"wp:term":[{"taxonomy":"category","embeddable":true,"href":"https:\/\/www.europesays.com\/fr\/wp-json\/wp\/v2\/categories?post=270182"},{"taxonomy":"post_tag","embeddable":true,"href":"https:\/\/www.europesays.com\/fr\/wp-json\/wp\/v2\/tags?post=270182"}],"curies":[{"name":"wp","href":"https:\/\/api.w.org\/{rel}","templated":true}]}}