{"id":270185,"date":"2025-07-24T10:04:10","date_gmt":"2025-07-24T10:04:10","guid":{"rendered":"https:\/\/www.europesays.com\/fr\/270185\/"},"modified":"2025-07-24T10:04:10","modified_gmt":"2025-07-24T10:04:10","slug":"10-entreprises-dille-et-vilaine-viennent-detre-placees-en-liquidation-judiciaire-voici-lesquelles","status":"publish","type":"post","link":"https:\/\/www.europesays.com\/fr\/270185\/","title":{"rendered":"10 entreprises d\u2019Ille-et-Vilaine viennent d\u2019\u00eatre plac\u00e9es en liquidation judiciaire\u00a0: voici lesquelles"},"content":{"rendered":"<p>Le 16 juillet dernier, le tribunal de commerce de Rennes a annonc\u00e9 la liquidation judiciaire de 10 entreprises d\u2019Ille-et-Vilaine. Voici la liste.<\/p>\n<p>Les <strong>SAS Timberatoll<\/strong>, <strong>Timberhav<\/strong> et <strong>Timbercaen<\/strong> \u00e0 Saint-Gr\u00e9goire, des commerces interentreprises d\u2019habillement et de chaussures de la marque Timberland. La <strong>EURL Quintessence<\/strong>, sp\u00e9cialis\u00e9 en travaux de menuiserie bois et pvc. La <strong>SAS Evasion Game<\/strong>, entreprise d\u2019Escape Game \u00e0 Montgermont. La <strong>EURL Planezium Camping<\/strong>, qui dirigeait le camping de l\u2019\u00eele aux pies \u00e0 Bains-sur-Oust. La <strong>SAS Habitat Bois Cr\u00e9ation<\/strong>, sp\u00e9cialis\u00e9 en construction de maison en ossature en bois. La <strong>SAS Boucherie Amadzai<\/strong>, boucherie rue Vaneau \u00e0 Rennes. La <strong>SASA 2MB Distribution<\/strong> \u00e0 Ch\u00e2teaubourg, fournisseur de pi\u00e8ce d\u00e9tach\u00e9e dans les domaines civils et militaires. La <strong>SAS Jump\u2019s Factory<\/strong> \u00e0 Le Rheu, sp\u00e9cialis\u00e9 dans les conseils dans les domaines de la communication, du marketing, du web et de l\u2019\u00e9v\u00e8nementiel.<\/p>\n","protected":false},"excerpt":{"rendered":"Le 16 juillet dernier, le tribunal de commerce de Rennes a annonc\u00e9 la liquidation judiciaire de 10 entreprises&hellip;\n","protected":false},"author":2,"featured_media":270186,"comment_status":"","ping_status":"","sticky":false,"template":"","format":"standard","meta":{"footnotes":""},"categories":[2821],"tags":[1111,11,829,1777,674,1011,27,848,12,584,25],"class_list":{"0":"post-270185","1":"post","2":"type-post","3":"status-publish","4":"format-standard","5":"has-post-thumbnail","7":"category-rennes","8":"tag-actu","9":"tag-actualites","10":"tag-bretagne","11":"tag-eu","12":"tag-europe","13":"tag-fr","14":"tag-france","15":"tag-ille-et-vilaine","16":"tag-news","17":"tag-rennes","18":"tag-republique-francaise"},"share_on_mastodon":{"url":"https:\/\/pubeurope.com\/@fr\/114907648008054156","error":""},"_links":{"self":[{"href":"https:\/\/www.europesays.com\/fr\/wp-json\/wp\/v2\/posts\/270185","targetHints":{"allow":["GET"]}}],"collection":[{"href":"https:\/\/www.europesays.com\/fr\/wp-json\/wp\/v2\/posts"}],"about":[{"href":"https:\/\/www.europesays.com\/fr\/wp-json\/wp\/v2\/types\/post"}],"author":[{"embeddable":true,"href":"https:\/\/www.europesays.com\/fr\/wp-json\/wp\/v2\/users\/2"}],"replies":[{"embeddable":true,"href":"https:\/\/www.europesays.com\/fr\/wp-json\/wp\/v2\/comments?post=270185"}],"version-history":[{"count":0,"href":"https:\/\/www.europesays.com\/fr\/wp-json\/wp\/v2\/posts\/270185\/revisions"}],"wp:featuredmedia":[{"embeddable":true,"href":"https:\/\/www.europesays.com\/fr\/wp-json\/wp\/v2\/media\/270186"}],"wp:attachment":[{"href":"https:\/\/www.europesays.com\/fr\/wp-json\/wp\/v2\/media?parent=270185"}],"wp:term":[{"taxonomy":"category","embeddable":true,"href":"https:\/\/www.europesays.com\/fr\/wp-json\/wp\/v2\/categories?post=270185"},{"taxonomy":"post_tag","embeddable":true,"href":"https:\/\/www.europesays.com\/fr\/wp-json\/wp\/v2\/tags?post=270185"}],"curies":[{"name":"wp","href":"https:\/\/api.w.org\/{rel}","templated":true}]}}