{"id":270187,"date":"2025-07-24T10:05:12","date_gmt":"2025-07-24T10:05:12","guid":{"rendered":"https:\/\/www.europesays.com\/fr\/270187\/"},"modified":"2025-07-24T10:05:12","modified_gmt":"2025-07-24T10:05:12","slug":"lopen-blot-de-tennis-de-rennes-fait-son-retour-a-la-salle-colette-besson","status":"publish","type":"post","link":"https:\/\/www.europesays.com\/fr\/270187\/","title":{"rendered":"L\u2019Open Blot de tennis de Rennes fait son retour \u00e0 la\u00a0salle Colette-Besson"},"content":{"rendered":"<p>D\u00e9laiss\u00e9e depuis 2019, la salle Colette-Besson, \u00e0 Br\u00e9quigny, va retrouver l\u2019Open Blot de Rennes. L\u2019organisation de l\u2019\u00e9preuve, qui se tiendra du 8 au 14 septembre 2025, l\u2019a annonc\u00e9 ce jeudi. Salle historique de l\u2019\u00e9preuve entre 2006 et 2019 avant le d\u00e9m\u00e9nagement au Libert\u00e9, elle accueillera le court annexe du tournoi \u00e0 l\u2019occasion de cette 19\u1d49 \u00e9dition. Le terrain principal, lui, <a href=\"https:\/\/www.letelegramme.fr\/sports\/tennis\/un-record-daffluence-pour-lopen-blot-de-rennes-6663550.php\" target=\"_blank\" rel=\"nofollow noopener\">sera toujours au Libert\u00e9<\/a>. \u00ab Je suis tr\u00e8s content, \u00e7a fait un deuxi\u00e8me site tr\u00e8s prestigieux pour un tournoi Challenger et j\u2019esp\u00e8re qu\u2019on arrivera \u00e0 remplir les tribunes pour qu\u2019il y ait deux sites de tr\u00e8s haut niveaux \u00bb, a expliqu\u00e9 Nicolas Mahut, le patron du tournoi.<\/p>\n","protected":false},"excerpt":{"rendered":"D\u00e9laiss\u00e9e depuis 2019, la salle Colette-Besson, \u00e0 Br\u00e9quigny, va retrouver l\u2019Open Blot de Rennes. L\u2019organisation de l\u2019\u00e9preuve, qui&hellip;\n","protected":false},"author":2,"featured_media":270188,"comment_status":"","ping_status":"","sticky":false,"template":"","format":"standard","meta":{"footnotes":""},"categories":[2821],"tags":[1111,11,829,3166,1777,674,1011,27,12,40943,584,25,60,1467],"class_list":{"0":"post-270187","1":"post","2":"type-post","3":"status-publish","4":"format-standard","5":"has-post-thumbnail","7":"category-rennes","8":"tag-actu","9":"tag-actualites","10":"tag-bretagne","11":"tag-en-continu-sports","12":"tag-eu","13":"tag-europe","14":"tag-fr","15":"tag-france","16":"tag-news","17":"tag-open-blot-de-rennes","18":"tag-rennes","19":"tag-republique-francaise","20":"tag-sports","21":"tag-tennis"},"share_on_mastodon":{"url":"https:\/\/pubeurope.com\/@fr\/114907652041882938","error":""},"_links":{"self":[{"href":"https:\/\/www.europesays.com\/fr\/wp-json\/wp\/v2\/posts\/270187","targetHints":{"allow":["GET"]}}],"collection":[{"href":"https:\/\/www.europesays.com\/fr\/wp-json\/wp\/v2\/posts"}],"about":[{"href":"https:\/\/www.europesays.com\/fr\/wp-json\/wp\/v2\/types\/post"}],"author":[{"embeddable":true,"href":"https:\/\/www.europesays.com\/fr\/wp-json\/wp\/v2\/users\/2"}],"replies":[{"embeddable":true,"href":"https:\/\/www.europesays.com\/fr\/wp-json\/wp\/v2\/comments?post=270187"}],"version-history":[{"count":0,"href":"https:\/\/www.europesays.com\/fr\/wp-json\/wp\/v2\/posts\/270187\/revisions"}],"wp:featuredmedia":[{"embeddable":true,"href":"https:\/\/www.europesays.com\/fr\/wp-json\/wp\/v2\/media\/270188"}],"wp:attachment":[{"href":"https:\/\/www.europesays.com\/fr\/wp-json\/wp\/v2\/media?parent=270187"}],"wp:term":[{"taxonomy":"category","embeddable":true,"href":"https:\/\/www.europesays.com\/fr\/wp-json\/wp\/v2\/categories?post=270187"},{"taxonomy":"post_tag","embeddable":true,"href":"https:\/\/www.europesays.com\/fr\/wp-json\/wp\/v2\/tags?post=270187"}],"curies":[{"name":"wp","href":"https:\/\/api.w.org\/{rel}","templated":true}]}}