{"id":27020,"date":"2025-04-15T16:58:10","date_gmt":"2025-04-15T16:58:10","guid":{"rendered":"https:\/\/www.europesays.com\/fr\/27020\/"},"modified":"2025-04-15T16:58:10","modified_gmt":"2025-04-15T16:58:10","slug":"metropole-de-lyon-lhopital-prive-de-lest-lyonnais-developpe-son-offre-en-reeducation","status":"publish","type":"post","link":"https:\/\/www.europesays.com\/fr\/27020\/","title":{"rendered":"M\u00e9tropole de Lyon. L\u2019H\u00f4pital priv\u00e9 de l\u2019Est lyonnais d\u00e9veloppe son offre en r\u00e9\u00e9ducation"},"content":{"rendered":"<p>Cr\u00e9\u00e9 en 2009, l\u2019h\u00f4pital priv\u00e9 de l\u2019Est lyonnais (HPEL, Ramsay Sant\u00e9), situ\u00e9 \u00e0 Saint-Priest, poursuit son d\u00e9veloppement en augmentant son offre en soins m\u00e9dicaux et de r\u00e9adaptation (SMR). Apr\u00e8s un an et demi de travaux, l\u2019ouverture d\u2019une extension, en janvier dernier, a permis d\u2019accueillir les activit\u00e9s de la clinique des Iris (Lyon 8e ) qui ont fusionn\u00e9 avec celles de l\u2019HPEL.<\/p>\n<p>De 10 \u00e0 60 places<\/p>\n<p><a href=\"https:\/\/www.leprogres.fr\/economie\/2023\/05\/16\/pour-repondre-a-la-frequentation-l-hopital-de-l-est-lyonnais-poursuit-sa-mue\" target=\"_blank\" rel=\"nofollow noopener\">Avec cette extension,<\/a> l\u2019HPEL dispose de 60 place en h\u00f4pital de jour locomoteur contre 10 auparavant, avec des espaces d\u00e9di\u00e9s \u00e0 la kin\u00e9sith\u00e9rapie, l\u2019activit\u00e9 physique adapt\u00e9e et l\u2019ergoth\u00e9rapie. L\u2019ensemble du plateau de r\u00e9\u00e9ducation de l\u2019HPEL s\u2019\u00e9tend d\u00e9sormais sur 900\u00a0m\u00b2.<\/p>\n<p>Le nouveau b\u00e2timent comprend un plateau technique suppl\u00e9mentaire de 530 m<\/p>\n","protected":false},"excerpt":{"rendered":"Cr\u00e9\u00e9 en 2009, l\u2019h\u00f4pital priv\u00e9 de l\u2019Est lyonnais (HPEL, Ramsay Sant\u00e9), situ\u00e9 \u00e0 Saint-Priest, poursuit son d\u00e9veloppement en&hellip;\n","protected":false},"author":2,"featured_media":27021,"comment_status":"","ping_status":"","sticky":false,"template":"","format":"standard","meta":{"footnotes":""},"categories":[1889],"tags":[1111,11,2430,3152,2757,1777,674,107,1011,27,2428,2756,12,25,2429,4605,71],"class_list":{"0":"post-27020","1":"post","2":"type-post","3":"status-publish","4":"format-standard","5":"has-post-thumbnail","7":"category-lyon","8":"tag-actu","9":"tag-actualites","10":"tag-auvergne-rhone-alpes","11":"tag-edition-est-lyonnais","12":"tag-edition-lyon-villeurbanne","13":"tag-eu","14":"tag-europe","15":"tag-fil-info","16":"tag-fr","17":"tag-france","18":"tag-lyon","19":"tag-lyon-bassin","20":"tag-news","21":"tag-republique-francaise","22":"tag-rhone","23":"tag-saint-priest","24":"tag-sante"},"share_on_mastodon":{"url":"https:\/\/pubeurope.com\/@fr\/114343045084595614","error":""},"_links":{"self":[{"href":"https:\/\/www.europesays.com\/fr\/wp-json\/wp\/v2\/posts\/27020","targetHints":{"allow":["GET"]}}],"collection":[{"href":"https:\/\/www.europesays.com\/fr\/wp-json\/wp\/v2\/posts"}],"about":[{"href":"https:\/\/www.europesays.com\/fr\/wp-json\/wp\/v2\/types\/post"}],"author":[{"embeddable":true,"href":"https:\/\/www.europesays.com\/fr\/wp-json\/wp\/v2\/users\/2"}],"replies":[{"embeddable":true,"href":"https:\/\/www.europesays.com\/fr\/wp-json\/wp\/v2\/comments?post=27020"}],"version-history":[{"count":0,"href":"https:\/\/www.europesays.com\/fr\/wp-json\/wp\/v2\/posts\/27020\/revisions"}],"wp:featuredmedia":[{"embeddable":true,"href":"https:\/\/www.europesays.com\/fr\/wp-json\/wp\/v2\/media\/27021"}],"wp:attachment":[{"href":"https:\/\/www.europesays.com\/fr\/wp-json\/wp\/v2\/media?parent=27020"}],"wp:term":[{"taxonomy":"category","embeddable":true,"href":"https:\/\/www.europesays.com\/fr\/wp-json\/wp\/v2\/categories?post=27020"},{"taxonomy":"post_tag","embeddable":true,"href":"https:\/\/www.europesays.com\/fr\/wp-json\/wp\/v2\/tags?post=27020"}],"curies":[{"name":"wp","href":"https:\/\/api.w.org\/{rel}","templated":true}]}}