{"id":270208,"date":"2025-07-24T10:16:17","date_gmt":"2025-07-24T10:16:17","guid":{"rendered":"https:\/\/www.europesays.com\/fr\/270208\/"},"modified":"2025-07-24T10:16:17","modified_gmt":"2025-07-24T10:16:17","slug":"metamorphose-de-lavenue-du-peuple-belge-actualites","status":"publish","type":"post","link":"https:\/\/www.europesays.com\/fr\/270208\/","title":{"rendered":"M\u00e9tamorphose de l\u2019avenue du Peuple Belge \/ Actualit\u00e9s"},"content":{"rendered":"<p>D\u00e9couvrez les grandes lignes du projet de transformation de l\u2019avenue du Peuple Belge d\u00e9voil\u00e9es par la Ville de Lille ce 24 juillet !<\/p>\n<p>            <img loading=\"lazy\" decoding=\"async\" src=\"\/var\/www\/storage\/images\/mediatheque\/mairie-de-lille\/actualites\/images\/2025\/juillet-2025\/metamorphose-peuple-belge\/3824999-1-fre-FR\/Metamorphose-Peuple-Belge_news_image_top.png\" width=\"779\" height=\"518\" alt=\"\"\/><\/p>\n<p>\nApr\u00e8s une large concertation citoyenne ayant mobilis\u00e9 plus de <strong>14 000 participants en 2022<\/strong>, la Ville de Lille poursuit sa d\u00e9marche vers une ville bas carbone, durable et apais\u00e9e, en d\u00e9voilant les contours d\u2019un ambitieux projet de <strong>reconversion de l\u2019avenue du Peuple Belge en un vaste parc urbain<\/strong>.<br \/>Ce projet incarne la volont\u00e9 municipale de remettre la nature et les mobilit\u00e9s douces au c\u0153ur de l\u2019espace public, tout en valorisant <strong>un axe majeur du patrimoine lillois<\/strong>. L\u2019ancienne art\u00e8re urbaine, jadis bras de la Basse-De\u00fble puis axe routier, deviendra un nouvel espace de respiration en c\u0153ur de ville, long de 900 m\u00e8tres et couvrant 5,5 hectares, soit pr\u00e8s du double de la superficie du parc Jean-Baptiste Lebas.<\/p>\n<p>Une avenue charg\u00e9e d\u2019histoire<\/p>\n<p>Avant d\u2019\u00eatre une art\u00e8re routi\u00e8re, <strong>l\u2019avenue du Peuple Belge \u00e9tait un bras de la Basse-De\u00fble<\/strong>, v\u00e9ritable canal navigable en plein c\u0153ur de Lille d\u00e8s le XIIIe si\u00e8cle. Elle abritait un port fluvial actif, en lien avec la Halle aux Sucres et le march\u00e9 Saint-Martin. Progressivement combl\u00e9 \u00e0 partir des ann\u00e9es 1930, ce canal laisse place \u00e0 une avenue moderne, prolong\u00e9e dans les ann\u00e9es 1970 pour r\u00e9pondre \u00e0 l\u2019essor de l\u2019automobile. <strong>Aujourd\u2019hui, l\u2019avenue s\u2019appr\u00eate \u00e0 \u00e9crire une nouvelle page de son histoire.<\/strong><\/p>\n<ul>\n<li style=\"background-image: url(\" data-galerie-slide=\"\">\n\t\t\t\t\t\t\t\t\t\t\tLe Peuple Belge en 1900<\/p>\n<\/li>\n<li style=\"background-image: url(\" data-galerie-slide=\"\">\n\t\t\t\t\t\t\t\t\t\t\tLe Peuple Belge en 1930<\/p>\n<\/li>\n<li style=\"background-image: url(\" data-galerie-slide=\"\">\n\t\t\t\t\t\t\t\t\t\t\tLe Peuple Belge en 1970<\/p>\n<\/li>\n<li style=\"background-image: url(\" data-galerie-slide=\"\">\n\t\t\t\t\t\t\t\t\t\t\tLe Peuple Belge en 2027<\/p>\n<\/li>\n<\/ul>\n<p>Un projet pens\u00e9 et choisi avec les Lillois<\/p>\n<p>\nDu 2 mai au 6 juin 2022, <strong>la Ville a men\u00e9 une large consultation citoyenne<\/strong> aupr\u00e8s des habitants de Lille, Hellemmes et Lomme. Plus de <strong>128 000 courriers<\/strong> ont \u00e9t\u00e9 envoy\u00e9s, <strong>30 stands<\/strong> de vote mis en place, <strong>12 expositions<\/strong> d\u00e9ploy\u00e9es, et au final, <strong>14 596 personnes ont vot\u00e9<\/strong>.<br \/>Parmi les quatre sc\u00e9narios propos\u00e9s pour transformer l\u2019avenue, <strong>c\u2019est le sc\u00e9nario \u201cLe parc\u201d qui a \u00e9t\u00e9 retenu<\/strong>. <br \/>Au cours d&rsquo;<a href=\"https:\/\/www.lille.fr\/Actualites\/Avenue-du-Peuple-Belge-resultats-de-la-consultation\" target=\"_self\" class=\"lien_interne\" rel=\"noopener\">une large consultation<\/a>, 4 \u00e9quipes de paysagistes ont travaill\u00e9 sur la transformation de l&rsquo;avenue du Peuple Belge en parc urbain. Le projet laur\u00e9at est celui de l&rsquo;agence de paysage OKRA, il comprend :<\/p>\n<ul class=\"listPuce\">\n<li>La cr\u00e9ation d&rsquo;un <strong>grand parc urbain de 5,5 hectares<\/strong>,<\/li>\n<li>La <strong>mise en valeur du patrimoine<\/strong> historique et paysager du secteur,<\/li>\n<li>L\u2019\u00e9largissement des trottoirs et la <strong>d\u00e9bitumisation des sols<\/strong>,<\/li>\n<li>La <strong>plantation<\/strong> de nombreux arbres,<\/li>\n<li>La cr\u00e9ation d\u2019une <strong>piste cyclable<\/strong> \u00e0 double sens,<\/li>\n<li>Le maintien des services urbains (livraisons, stationnement PMR\u2026).<\/li>\n<\/ul>\n<p>Des lieux embl\u00e9matiques r\u00e9invent\u00e9s<\/p>\n<p>Le parc s\u2019articulera autour de lieux symboliques transform\u00e9s :<\/p>\n<ul class=\"listPuce\">\n<li><strong>Place Louise de Bettignies<\/strong> : revaloris\u00e9e avec un jardin sensoriel qui fait p\u00e9n\u00e9trer le parc au c\u0153ur du Vieux-Lille.<\/li>\n<li><strong>Parvis du Palais de Justice<\/strong> : am\u00e9nag\u00e9 en \u00ab\u00a0canal \u00e0 vivre\u00a0\u00bb, propice \u00e0 la d\u00e9tente et \u00e0 la culture.<\/li>\n<li><strong>Pont-Neuf<\/strong> : r\u00e9nov\u00e9 pour restituer la continuit\u00e9 urbaine et paysag\u00e8re historique au c\u0153ur du parc et \u00e9voquer la m\u00e9moire du canal.<\/li>\n<li><strong>Usine \u00e9l\u00e9vatoire et Hospice g\u00e9n\u00e9ral<\/strong> : r\u00e9am\u00e9nag\u00e9s pour favoriser les circulations douces et r\u00e9v\u00e9ler leur valeur historique.<\/li>\n<li><strong>Square Grimonprez<\/strong> : transform\u00e9 en espace de biodiversit\u00e9 avec jardins de pluie et jeux pour enfants.<\/li>\n<\/ul>\n<p>D\u00e9couvrez le futur parc urbain\t<\/p>\n<ul>\n<li style=\"background-image: url(\" data-galerie-slide=\"\">\n\t\t\t\t\t\t\t\t\t\t\tLe pont Neuf aujourd&rsquo;hui<\/p>\n<\/li>\n<li style=\"background-image: url(\" data-galerie-slide=\"\">\n\t\t\t\t\t\t\t\t\t\t\tLe pont Neuf demain<\/p>\n<\/li>\n<li style=\"background-image: url(\" data-galerie-slide=\"\">\n\t\t\t\t\t\t\t\t\t\t\tLa place Louise de Bettignies aujourd&rsquo;hui<\/p>\n<\/li>\n<li style=\"background-image: url(\" data-galerie-slide=\"\">\n\t\t\t\t\t\t\t\t\t\t\tLa place Louise de Bettignies demain<\/p>\n<\/li>\n<li style=\"background-image: url(\" data-galerie-slide=\"\">\n\t\t\t\t\t\t\t\t\t\t\tLe parvis du tribunal aujourd&rsquo;hui<\/p>\n<\/li>\n<li style=\"background-image: url(\" data-galerie-slide=\"\">\n\t\t\t\t\t\t\t\t\t\t\tLe parvis du tribunal demain<\/p>\n<\/li>\n<li style=\"background-image: url(\" data-galerie-slide=\"\">\n\t\t\t\t\t\t\t\t\t\t\tLe square Grimonprez aujourd&rsquo;hui<\/p>\n<\/li>\n<li style=\"background-image: url(\" data-galerie-slide=\"\">\n\t\t\t\t\t\t\t\t\t\t\tLe square Grimonprez demain<\/p>\n<\/li>\n<li style=\"background-image: url(\" data-galerie-slide=\"\">\n\t\t\t\t\t\t\t\t\t\t\tL&rsquo;Hospice g\u00e9n\u00e9ral aujourd&rsquo;hui<\/p>\n<\/li>\n<li style=\"background-image: url(\" data-galerie-slide=\"\">\n\t\t\t\t\t\t\t\t\t\t\tL&rsquo;Hospice g\u00e9n\u00e9ral demain<\/p>\n<\/li>\n<li style=\"background-image: url(\" data-galerie-slide=\"\">\n\t\t\t\t\t\t\t\t\t\t\tL&rsquo;Usine \u00e9l\u00e9vatoire aujourd&rsquo;hui<\/p>\n<\/li>\n<li style=\"background-image: url(\" data-galerie-slide=\"\">\n\t\t\t\t\t\t\t\t\t\t\tL&rsquo;Usine \u00e9l\u00e9vatoire demain<\/p>\n<\/li>\n<\/ul>\n<p>La Ville de Lille vous donne rendez-vous en septembre pour continuer \u00e0 co-construire ce nouvel espace de vie :<\/p>\n<ul class=\"listPuce\">\n<li><strong>Juillet 2025<\/strong> : pr\u00e9sentation du futur parc urbain.<\/li>\n<li><strong>De septembre \u00e0 d\u00e9cembre 2025<\/strong> : ateliers participatifs sur les usages.<\/li>\n<li><strong>2e semestre 2027<\/strong> : d\u00e9marrage des travaux.<\/li>\n<\/ul>\n","protected":false},"excerpt":{"rendered":"D\u00e9couvrez les grandes lignes du projet de transformation de l\u2019avenue du Peuple Belge d\u00e9voil\u00e9es par la Ville de&hellip;\n","protected":false},"author":2,"featured_media":270209,"comment_status":"","ping_status":"","sticky":false,"template":"","format":"standard","meta":{"footnotes":""},"categories":[2815],"tags":[1111,11,4763,1777,674,1011,27,811,1307,5415,12,25],"class_list":{"0":"post-270208","1":"post","2":"type-post","3":"status-publish","4":"format-standard","5":"has-post-thumbnail","7":"category-lille","8":"tag-actu","9":"tag-actualites","10":"tag-agenda","11":"tag-eu","12":"tag-europe","13":"tag-fr","14":"tag-france","15":"tag-hauts-de-france","16":"tag-lille","17":"tag-mairie","18":"tag-news","19":"tag-republique-francaise"},"share_on_mastodon":{"url":"https:\/\/pubeurope.com\/@fr\/114907695285179090","error":""},"_links":{"self":[{"href":"https:\/\/www.europesays.com\/fr\/wp-json\/wp\/v2\/posts\/270208","targetHints":{"allow":["GET"]}}],"collection":[{"href":"https:\/\/www.europesays.com\/fr\/wp-json\/wp\/v2\/posts"}],"about":[{"href":"https:\/\/www.europesays.com\/fr\/wp-json\/wp\/v2\/types\/post"}],"author":[{"embeddable":true,"href":"https:\/\/www.europesays.com\/fr\/wp-json\/wp\/v2\/users\/2"}],"replies":[{"embeddable":true,"href":"https:\/\/www.europesays.com\/fr\/wp-json\/wp\/v2\/comments?post=270208"}],"version-history":[{"count":0,"href":"https:\/\/www.europesays.com\/fr\/wp-json\/wp\/v2\/posts\/270208\/revisions"}],"wp:featuredmedia":[{"embeddable":true,"href":"https:\/\/www.europesays.com\/fr\/wp-json\/wp\/v2\/media\/270209"}],"wp:attachment":[{"href":"https:\/\/www.europesays.com\/fr\/wp-json\/wp\/v2\/media?parent=270208"}],"wp:term":[{"taxonomy":"category","embeddable":true,"href":"https:\/\/www.europesays.com\/fr\/wp-json\/wp\/v2\/categories?post=270208"},{"taxonomy":"post_tag","embeddable":true,"href":"https:\/\/www.europesays.com\/fr\/wp-json\/wp\/v2\/tags?post=270208"}],"curies":[{"name":"wp","href":"https:\/\/api.w.org\/{rel}","templated":true}]}}