{"id":270213,"date":"2025-07-24T10:19:19","date_gmt":"2025-07-24T10:19:19","guid":{"rendered":"https:\/\/www.europesays.com\/fr\/270213\/"},"modified":"2025-07-24T10:19:19","modified_gmt":"2025-07-24T10:19:19","slug":"marseille-deux-blesses-legers-dans-un-feu-dappartement-quartier-la-rose","status":"publish","type":"post","link":"https:\/\/www.europesays.com\/fr\/270213\/","title":{"rendered":"Marseille. Deux bless\u00e9s l\u00e9gers dans un feu d\u2019appartement quartier la Rose"},"content":{"rendered":"<p>Plusieurs personnes ont \u00e9t\u00e9 \u00e9vacu\u00e9es.\n<\/p>\n<p dir=\"ltr\">Ce matin aux alentours de 7h un incendie s\u2019est d\u00e9clar\u00e9 au 7\u00e8me \u00e9tage d\u2019un immeuble de la cit\u00e9 Le Clos dans le quartier la Rose, informe le bailleur social 13 Habitat.<\/p>\n<p dir=\"ltr\">Les marins-pompiers ont \u00e9teint l\u2019incendie, une vingtaine d\u2019habitants ont \u00e9t\u00e9 \u00e9vacu\u00e9s. Les deux locataires du logement d\u2019o\u00f9 le feu est parti ont \u00e9t\u00e9 transport\u00e9s \u00e0 l\u2019h\u00f4pital, l\u00e9g\u00e8rement bl\u00e9ss\u00e9s. \u201cIls vont \u00eatre relog\u00e9s dans un autre logement, par nos services\u201d, pr\u00e9cise le bailleur social. Leur appartement a \u00e9t\u00e9 enti\u00e8rement d\u00e9grad\u00e9 et toujours selon 13 Habitat, un t\u00e9l\u00e9phone en charge serait \u00e0 l\u2019orinige de ce sinistre. \u201cLes autres locataires \u00e9vacu\u00e9s devraient \u00eatre autoris\u00e9s \u00e0 r\u00e9int\u00e9grer leur logement \u00e0 la mi-journ\u00e9e, apr\u00e8s v\u00e9rification par les marins-pompiers de l\u2019absence de tout danger\u201d.<\/p>\n<p dir=\"ltr\">Photo: 13 Habitat<\/p>\n<p>\u00a0<\/p>\n","protected":false},"excerpt":{"rendered":"Plusieurs personnes ont \u00e9t\u00e9 \u00e9vacu\u00e9es. Ce matin aux alentours de 7h un incendie s\u2019est d\u00e9clar\u00e9 au 7\u00e8me \u00e9tage&hellip;\n","protected":false},"author":2,"featured_media":270214,"comment_status":"","ping_status":"","sticky":false,"template":"","format":"standard","meta":{"footnotes":""},"categories":[2814],"tags":[40944,1111,11,1777,674,1312,1011,27,1310,40945,884,12,882,25],"class_list":{"0":"post-270213","1":"post","2":"type-post","3":"status-publish","4":"format-standard","5":"has-post-thumbnail","7":"category-marseille","8":"tag-13-habitat","9":"tag-actu","10":"tag-actualites","11":"tag-eu","12":"tag-europe","13":"tag-feu","14":"tag-fr","15":"tag-france","16":"tag-incendie","17":"tag-la-rose","18":"tag-marseille","19":"tag-news","20":"tag-provence-alpes-cote-dazur","21":"tag-republique-francaise"},"share_on_mastodon":{"url":"https:\/\/pubeurope.com\/@fr\/114907707028283955","error":""},"_links":{"self":[{"href":"https:\/\/www.europesays.com\/fr\/wp-json\/wp\/v2\/posts\/270213","targetHints":{"allow":["GET"]}}],"collection":[{"href":"https:\/\/www.europesays.com\/fr\/wp-json\/wp\/v2\/posts"}],"about":[{"href":"https:\/\/www.europesays.com\/fr\/wp-json\/wp\/v2\/types\/post"}],"author":[{"embeddable":true,"href":"https:\/\/www.europesays.com\/fr\/wp-json\/wp\/v2\/users\/2"}],"replies":[{"embeddable":true,"href":"https:\/\/www.europesays.com\/fr\/wp-json\/wp\/v2\/comments?post=270213"}],"version-history":[{"count":0,"href":"https:\/\/www.europesays.com\/fr\/wp-json\/wp\/v2\/posts\/270213\/revisions"}],"wp:featuredmedia":[{"embeddable":true,"href":"https:\/\/www.europesays.com\/fr\/wp-json\/wp\/v2\/media\/270214"}],"wp:attachment":[{"href":"https:\/\/www.europesays.com\/fr\/wp-json\/wp\/v2\/media?parent=270213"}],"wp:term":[{"taxonomy":"category","embeddable":true,"href":"https:\/\/www.europesays.com\/fr\/wp-json\/wp\/v2\/categories?post=270213"},{"taxonomy":"post_tag","embeddable":true,"href":"https:\/\/www.europesays.com\/fr\/wp-json\/wp\/v2\/tags?post=270213"}],"curies":[{"name":"wp","href":"https:\/\/api.w.org\/{rel}","templated":true}]}}