{"id":270215,"date":"2025-07-24T10:20:12","date_gmt":"2025-07-24T10:20:12","guid":{"rendered":"https:\/\/www.europesays.com\/fr\/270215\/"},"modified":"2025-07-24T10:20:12","modified_gmt":"2025-07-24T10:20:12","slug":"lyon-malgre-la-vague-de-dissolutions-un-groupuscule-dultra-droite-de-retour-dans-le-vieux-lyon","status":"publish","type":"post","link":"https:\/\/www.europesays.com\/fr\/270215\/","title":{"rendered":"Lyon. Malgr\u00e9 la vague de dissolutions, un groupuscule d\u2019ultra-droite de retour dans le Vieux-Lyon"},"content":{"rendered":"<p>Il \u00e9tait n\u00e9 en septembre\u00a02019 dans le sillon de la dissolution du groupe identitaire Bastion social, dont il est une \u00e9manation. Le mouvement Audace Lyon\u00a0a relanc\u00e9 sa communication publique ce 16\u00a0juillet, en postant une vid\u00e9o sur son compte Instagram. Le coq, son logo, a \u00e9t\u00e9 peint sur au moins un mur du Vieux-Lyon et des stickers ont \u00e9t\u00e9 coll\u00e9s dans l\u2019espace public.<\/p>\n<p>\u00ab\u00a0Nous sommes \u201cde retour\u201d sur le devant de la sc\u00e8ne\u00a0\u00bb, apr\u00e8s avoir \u00ab\u00a0fait le choix d\u2019une communication plus confidentielle afin d\u2019effectuer un important travail sur nous-m\u00eames et notre organisation\u00a0\u00bb, d\u00e9clare par \u00e9crit au Progr\u00e8s  Calixte Mathon, le porte-parole du mouvement.<\/p>\n<p>\u00ab\u00a0Une quarantaine\u00a0\u00bb de membres<\/p>\n<p>Audace Lyon, qui rejette le qualificatif d\u2019ultra-droite, se d\u00e9finit comme&#8230;<\/p>\n","protected":false},"excerpt":{"rendered":"Il \u00e9tait n\u00e9 en septembre\u00a02019 dans le sillon de la dissolution du groupe identitaire Bastion social, dont il&hellip;\n","protected":false},"author":2,"featured_media":270216,"comment_status":"","ping_status":"","sticky":false,"template":"","format":"standard","meta":{"footnotes":""},"categories":[1889],"tags":[1111,11,2430,2757,1777,674,107,1011,27,2428,2756,12,25,2429,104],"class_list":{"0":"post-270215","1":"post","2":"type-post","3":"status-publish","4":"format-standard","5":"has-post-thumbnail","7":"category-lyon","8":"tag-actu","9":"tag-actualites","10":"tag-auvergne-rhone-alpes","11":"tag-edition-lyon-villeurbanne","12":"tag-eu","13":"tag-europe","14":"tag-fil-info","15":"tag-fr","16":"tag-france","17":"tag-lyon","18":"tag-lyon-bassin","19":"tag-news","20":"tag-republique-francaise","21":"tag-rhone","22":"tag-societe"},"share_on_mastodon":{"url":"https:\/\/pubeurope.com\/@fr\/114907710980388943","error":""},"_links":{"self":[{"href":"https:\/\/www.europesays.com\/fr\/wp-json\/wp\/v2\/posts\/270215","targetHints":{"allow":["GET"]}}],"collection":[{"href":"https:\/\/www.europesays.com\/fr\/wp-json\/wp\/v2\/posts"}],"about":[{"href":"https:\/\/www.europesays.com\/fr\/wp-json\/wp\/v2\/types\/post"}],"author":[{"embeddable":true,"href":"https:\/\/www.europesays.com\/fr\/wp-json\/wp\/v2\/users\/2"}],"replies":[{"embeddable":true,"href":"https:\/\/www.europesays.com\/fr\/wp-json\/wp\/v2\/comments?post=270215"}],"version-history":[{"count":0,"href":"https:\/\/www.europesays.com\/fr\/wp-json\/wp\/v2\/posts\/270215\/revisions"}],"wp:featuredmedia":[{"embeddable":true,"href":"https:\/\/www.europesays.com\/fr\/wp-json\/wp\/v2\/media\/270216"}],"wp:attachment":[{"href":"https:\/\/www.europesays.com\/fr\/wp-json\/wp\/v2\/media?parent=270215"}],"wp:term":[{"taxonomy":"category","embeddable":true,"href":"https:\/\/www.europesays.com\/fr\/wp-json\/wp\/v2\/categories?post=270215"},{"taxonomy":"post_tag","embeddable":true,"href":"https:\/\/www.europesays.com\/fr\/wp-json\/wp\/v2\/tags?post=270215"}],"curies":[{"name":"wp","href":"https:\/\/api.w.org\/{rel}","templated":true}]}}