{"id":27022,"date":"2025-04-15T16:59:09","date_gmt":"2025-04-15T16:59:09","guid":{"rendered":"https:\/\/www.europesays.com\/fr\/27022\/"},"modified":"2025-04-15T16:59:09","modified_gmt":"2025-04-15T16:59:09","slug":"la-region-ile-de-france-exige-le-retrait-dune-affiche-anti-bollore-un-editeur-quitte-le-festival-du-livre-de-paris-liberation","status":"publish","type":"post","link":"https:\/\/www.europesays.com\/fr\/27022\/","title":{"rendered":"La r\u00e9gion Ile-de-France exige le retrait d\u2019une affiche anti-Bollor\u00e9, un \u00e9diteur quitte le Festival du livre de Paris \u2013 Lib\u00e9ration"},"content":{"rendered":"<p class=\"sc-cPiKLX AiZTS text-element\">Depuis quelque temps, l\u2019ambiance feutr\u00e9e du monde de l\u2019\u00e9dition s\u2019est un peu tendue. Et pour cause\u00a0: le milieu se trouve en premi\u00e8re ligne dans le combat culturel men\u00e9 par l\u2019extr\u00eame droite. Et \u00e0 l\u2019initiative de certaines contre-offensives. Lors du Festival du livre de Paris, qui s\u2019est tenu au Grand-Palais du 11 au 13\u00a0avril, des activistes aux visages partiellement dissimul\u00e9s par des masques chirurgicaux ont ainsi lanc\u00e9 un happening devant le stand des \u00e9ditions Fayard. Samedi 12\u00a0avril, ils y ont d\u00e9roul\u00e9 une banderole portant l\u2019inscription en lettres capitales \u00abBOYCOTT FAYARD BOLLOR\u00c9\u00bb.<\/p>\n","protected":false},"excerpt":{"rendered":"Depuis quelque temps, l\u2019ambiance feutr\u00e9e du monde de l\u2019\u00e9dition s\u2019est un peu tendue. Et pour cause\u00a0: le milieu&hellip;\n","protected":false},"author":2,"featured_media":27023,"comment_status":"","ping_status":"","sticky":false,"template":"","format":"standard","meta":{"footnotes":""},"categories":[1592],"tags":[1111,11,1777,674,1076,1011,27,662,12,626,25,2328,1022],"class_list":{"0":"post-27022","1":"post","2":"type-post","3":"status-publish","4":"format-standard","5":"has-post-thumbnail","7":"category-ile-de-france","8":"tag-actu","9":"tag-actualites","10":"tag-eu","11":"tag-europe","12":"tag-extreme-droite","13":"tag-fr","14":"tag-france","15":"tag-ile-de-france","16":"tag-news","17":"tag-paris","18":"tag-republique-francaise","19":"tag-valerie-pecresse","20":"tag-vincent-bollore"},"share_on_mastodon":{"url":"https:\/\/pubeurope.com\/@fr\/114343048988802575","error":""},"_links":{"self":[{"href":"https:\/\/www.europesays.com\/fr\/wp-json\/wp\/v2\/posts\/27022","targetHints":{"allow":["GET"]}}],"collection":[{"href":"https:\/\/www.europesays.com\/fr\/wp-json\/wp\/v2\/posts"}],"about":[{"href":"https:\/\/www.europesays.com\/fr\/wp-json\/wp\/v2\/types\/post"}],"author":[{"embeddable":true,"href":"https:\/\/www.europesays.com\/fr\/wp-json\/wp\/v2\/users\/2"}],"replies":[{"embeddable":true,"href":"https:\/\/www.europesays.com\/fr\/wp-json\/wp\/v2\/comments?post=27022"}],"version-history":[{"count":0,"href":"https:\/\/www.europesays.com\/fr\/wp-json\/wp\/v2\/posts\/27022\/revisions"}],"wp:featuredmedia":[{"embeddable":true,"href":"https:\/\/www.europesays.com\/fr\/wp-json\/wp\/v2\/media\/27023"}],"wp:attachment":[{"href":"https:\/\/www.europesays.com\/fr\/wp-json\/wp\/v2\/media?parent=27022"}],"wp:term":[{"taxonomy":"category","embeddable":true,"href":"https:\/\/www.europesays.com\/fr\/wp-json\/wp\/v2\/categories?post=27022"},{"taxonomy":"post_tag","embeddable":true,"href":"https:\/\/www.europesays.com\/fr\/wp-json\/wp\/v2\/tags?post=27022"}],"curies":[{"name":"wp","href":"https:\/\/api.w.org\/{rel}","templated":true}]}}