{"id":270224,"date":"2025-07-24T10:25:11","date_gmt":"2025-07-24T10:25:11","guid":{"rendered":"https:\/\/www.europesays.com\/fr\/270224\/"},"modified":"2025-07-24T10:25:11","modified_gmt":"2025-07-24T10:25:11","slug":"paris-en-vert-seance-animee-en-perspective-24-07-2025-a-1105","status":"publish","type":"post","link":"https:\/\/www.europesays.com\/fr\/270224\/","title":{"rendered":"Paris: en vert, s\u00e9ance anim\u00e9e en perspective &#8211; 24\/07\/2025 \u00e0 11:05"},"content":{"rendered":"<p>                                                                (Zonebourse.com) &#8211; La Bourse de Paris s&rsquo;arroge pr\u00e8s de 0,3% ce matin, vers 7875 points, tir\u00e9e par Schneider Electric et Soci\u00e9t\u00e9 G\u00e9n\u00e9rale (+2,4%) \u00e0 l&rsquo;entame d&rsquo;une s\u00e9ance qui s&rsquo;annonce comme l&rsquo;une des plus anim\u00e9es de l&rsquo;\u00e9t\u00e9 &#8211; voire de l&rsquo;ann\u00e9e.<\/p>\n<p>Les investisseurs ont d\u00e9j\u00e0 pris connaissance ce matin d&rsquo;une impressionnante vague de r\u00e9sultats d&rsquo;entreprises avec les comptes de plusieurs poids lourds europ\u00e9ens de la cote, dont BNP Paribas, Dassault Syst\u00e8mes, Nestl\u00e9, Roche ou STMicroelectronics.\n<\/p>\n<p>Du c\u00f4t\u00e9 des actions am\u00e9ricaines, Alphabet &#8211; la maison-m\u00e8re de Google &#8211; a d\u00e9voil\u00e9 hier soir des performances trimestrielles solides, marqu\u00e9es \u00e0 la fois par des revenus publicitaires meilleurs que pr\u00e9vu et une acc\u00e9l\u00e9ration de ses activit\u00e9s dans le &lsquo;cloud&rsquo;.\n<\/p>\n<p>IBM et Tesla ont en revanche d\u00e9\u00e7u, ce qui les faisait reculer dans les \u00e9changes d&rsquo;apr\u00e8s-Bourse.\n<\/p>\n<p>En plus d&rsquo;avoir \u00e0 dig\u00e9rer de nombreux r\u00e9sultats, les investisseurs vont devoir surveiller de pr\u00e8s les annonces de la Banque centrale europ\u00e9enne (BCE), attendues \u00e0 14h15.\n<\/p>\n<p>Apr\u00e8s neuf baisses de taux en moins de deux ans, le march\u00e9 s&rsquo;attend \u00e0 ce que l&rsquo;institution de Francfort laisse le loyer de l&rsquo;argent inchang\u00e9.<br \/>\n<br \/>Mais les investisseurs seront surtout \u00e0 l&rsquo;aff\u00fbt de signes permettant d&rsquo;anticiper le calendrier de ses prochaines baisses des taux, avec l&rsquo;espoir qu&rsquo;elles soient au nombre de deux d&rsquo;ici \u00e0 la fin de l&rsquo;ann\u00e9e.\n<\/p>\n<p>Parmi les principaux indicateurs macro\u00e9conomiques du jour, l&rsquo;indice flash PMI composite HCOB de l&rsquo;activit\u00e9 globale dans la zone euro s&rsquo;est redress\u00e9 de 50,6 en juin \u00e0 51 en juillet, signalant ainsi une croissance de l&rsquo;activit\u00e9 \u00e9conomique de la r\u00e9gion pour un septi\u00e8me mois cons\u00e9cutif.\n<\/p>\n<p>Bien que modeste, l&rsquo;expansion s&rsquo;est acc\u00e9l\u00e9r\u00e9e pour un deuxi\u00e8me mois cons\u00e9cutif et a affich\u00e9 son rythme le plus soutenu depuis ao\u00fbt 2024, l&rsquo;activit\u00e9 ayant augment\u00e9 dans le secteur manufacturier comme dans celui des services en juillet.\n<\/p>\n<p>Dans l&rsquo;Hexagone, l&rsquo;indice PMI flash composite HCOB de l&rsquo;activit\u00e9 globale a affich\u00e9 son plus haut niveau depuis onze mois en juillet (49,6) contre 49,2 en juin, s&rsquo;\u00e9tant tr\u00e8s nettement rapproch\u00e9 du seuil d&rsquo;expansion.\n<\/p>\n<p>Par ailleurs, l&rsquo;indicateur synth\u00e9tique du climat des affaires en France, calcul\u00e9 \u00e0 partir des r\u00e9ponses des chefs d&rsquo;entreprise des principaux secteurs d&rsquo;activit\u00e9 marchands, reste stable \u00e0 96 en juillet, en de\u00e7\u00e0 de sa moyenne de longue p\u00e9riode (100) depuis avril 2024.\n<\/p>\n<p>Toujours sur le front des statistiques, les chiffres hebdomadaires des inscriptions au ch\u00f4mage aux \u00c9tats-Unis seront suivis avec attention \u00e0 un peu plus d&rsquo;une semaine de la parution du rapport mensuel sur l&#8217;emploi am\u00e9ricain.\n<\/p>\n<p>\u00c0 Wall Street, les &lsquo;futures&rsquo; signalent pour l&rsquo;instant une ouverture mitig\u00e9e des principaux indices new-yorkais, suite aux r\u00e9sultats contrast\u00e9s publi\u00e9s hier soir par les grands groupes technologiques am\u00e9ricains.\n<\/p>\n<p>Sur le compartiment obligataire, si les US T-Bonds \u00e0 10 ans sont stables autour des 4,4%, le Bund de m\u00eame \u00e9ch\u00e9ance se tend de 6 pts, vers 2,66%, tout comme l&rsquo;OAT (3,33%, +6 pts) alors qu&rsquo;un accord commercial USA\/UE pourrait \u00eatre annonc\u00e9 dans la soir\u00e9e.<br \/>\n<br \/>L&rsquo;euro reste stable face au billet vert \u00e0 1,176 $.<br \/>\n<br \/>Dans l&rsquo;actualit\u00e9 des soci\u00e9t\u00e9s tricolores, TotalEnergies a pr\u00e9sent\u00e9 jeudi des r\u00e9sultats de deuxi\u00e8me trimestre conformes aux attentes, mais le groupe p\u00e9trolier a annonc\u00e9 que sa dette avait de nouveau augment\u00e9 en rythme s\u00e9quentiel, au grand dam des investisseurs.\n<\/p>\n<p>Le g\u00e9ant fran\u00e7ais de l&rsquo;\u00e9nergie a fait \u00e9tat ce matin d&rsquo;un b\u00e9n\u00e9fice net ajust\u00e9 de 3,6 milliards de dollars sur la p\u00e9riode allant d&rsquo;avril \u00e0 juin, en repli de 15% par rapport au premier trimestre, une nouvelle fois p\u00e9nalis\u00e9 par le recul des cours du p\u00e9trole.\n<\/p>\n<p>BNP Paribas publie un r\u00e9sultat net part du groupe en baisse de 4% \u00e0 3,26 milliards d&rsquo;euros au titre du deuxi\u00e8me trimestre 2025, refl\u00e9tant un taux d&rsquo;imposition plus \u00e9lev\u00e9, mais un r\u00e9sultat d&rsquo;exploitation en croissance de 2,7% \u00e0 4,36 milliards.\n<\/p>\n<p>STMicroelectronics d\u00e9voile au titre de son deuxi\u00e8me trimestre 2025 un BPA ajust\u00e9 (non GAAP) en chute de 84,2% en comparaison annuelle, \u00e0 0,06 dollar, et une marge d&rsquo;exploitation ajust\u00e9e en chute de 9,5 points \u00e0 2,1%.\n<\/p>\n<p>Le fabricant franco-italien de semi-conducteurs a vu sa marge brute se contracter de 6,6 points \u00e0 33,5% pour un chiffre d&rsquo;affaires net en recul de 14,4% \u00e0 2,77 milliards de dollars, toutefois au-dessus du point m\u00e9dian de sa fourchette de perspectives.\n<\/p>\n<p>Enfin, Dassault Syst\u00e8mes publie un BNPA non-IFRS de 0,30 euro pour le deuxi\u00e8me trimestre 2025, en baisse de 1% au total mais en hausse de 4% \u00e0 changes constants, avec une marge op\u00e9rationnelle non-IFRS en recul de 0,6 point \u00e0 29,3%, grev\u00e9e pour 0,5 point par les changes.\n<\/p>\n<p>En ligne avec ses objectifs, son chiffre d&rsquo;affaires total a progress\u00e9 de 6% en non-IFRS et \u00e0 changes constants \u00e0 1,52 milliard d&rsquo;euros, dont un CA logiciel en croissance de 6% \u00e0 1,37 milliard, ce dernier \u00e9tant compos\u00e9 \u00e0 80% de revenus r\u00e9currents.<\/p>\n","protected":false},"excerpt":{"rendered":"(Zonebourse.com) &#8211; La Bourse de Paris s&rsquo;arroge pr\u00e8s de 0,3% ce matin, vers 7875 points, tir\u00e9e par Schneider&hellip;\n","protected":false},"author":2,"featured_media":9135,"comment_status":"","ping_status":"","sticky":false,"template":"","format":"standard","meta":{"footnotes":""},"categories":[1888],"tags":[400,1111,1928,11,1927,398,408,405,1777,674,1011,27,403,402,399,404,12,1926,626,1925,25,401,406,407],"class_list":{"0":"post-270224","1":"post","2":"type-post","3":"status-publish","4":"format-standard","5":"has-post-thumbnail","7":"category-paris","8":"tag-action-cac-40","9":"tag-actu","10":"tag-actu-paris","11":"tag-actualites","12":"tag-actualites-paris","13":"tag-bourse-de-paris","14":"tag-boursorama","15":"tag-cotations","16":"tag-eu","17":"tag-europe","18":"tag-fr","19":"tag-france","20":"tag-indices-devises","21":"tag-investir","22":"tag-investissement","23":"tag-marche-boursier","24":"tag-news","25":"tag-news-paris","26":"tag-paris","27":"tag-paris-news","28":"tag-republique-francaise","29":"tag-sicav","30":"tag-trackers","31":"tag-warrants"},"share_on_mastodon":{"url":"https:\/\/pubeurope.com\/@fr\/114907730612530742","error":""},"_links":{"self":[{"href":"https:\/\/www.europesays.com\/fr\/wp-json\/wp\/v2\/posts\/270224","targetHints":{"allow":["GET"]}}],"collection":[{"href":"https:\/\/www.europesays.com\/fr\/wp-json\/wp\/v2\/posts"}],"about":[{"href":"https:\/\/www.europesays.com\/fr\/wp-json\/wp\/v2\/types\/post"}],"author":[{"embeddable":true,"href":"https:\/\/www.europesays.com\/fr\/wp-json\/wp\/v2\/users\/2"}],"replies":[{"embeddable":true,"href":"https:\/\/www.europesays.com\/fr\/wp-json\/wp\/v2\/comments?post=270224"}],"version-history":[{"count":0,"href":"https:\/\/www.europesays.com\/fr\/wp-json\/wp\/v2\/posts\/270224\/revisions"}],"wp:featuredmedia":[{"embeddable":true,"href":"https:\/\/www.europesays.com\/fr\/wp-json\/wp\/v2\/media\/9135"}],"wp:attachment":[{"href":"https:\/\/www.europesays.com\/fr\/wp-json\/wp\/v2\/media?parent=270224"}],"wp:term":[{"taxonomy":"category","embeddable":true,"href":"https:\/\/www.europesays.com\/fr\/wp-json\/wp\/v2\/categories?post=270224"},{"taxonomy":"post_tag","embeddable":true,"href":"https:\/\/www.europesays.com\/fr\/wp-json\/wp\/v2\/tags?post=270224"}],"curies":[{"name":"wp","href":"https:\/\/api.w.org\/{rel}","templated":true}]}}