{"id":270229,"date":"2025-07-24T10:29:09","date_gmt":"2025-07-24T10:29:09","guid":{"rendered":"https:\/\/www.europesays.com\/fr\/270229\/"},"modified":"2025-07-24T10:29:09","modified_gmt":"2025-07-24T10:29:09","slug":"detruire-lennemi-dans-chaque-bataille-le-leader-de-la-coree-du-nord-kim-jong-un-appelle-ses-soldats-a-se-preparer-a-la-vraie-guerre","status":"publish","type":"post","link":"https:\/\/www.europesays.com\/fr\/270229\/","title":{"rendered":"D\u00e9truire l\u2019ennemi dans chaque bataille\u00a0\u00bb\u00a0: le leader de la Cor\u00e9e du Nord Kim Jong Un appelle ses soldats \u00e0 se pr\u00e9parer \u00ab\u00a0\u00e0 la vraie guerre"},"content":{"rendered":"<p>Mercredi 23 juillet, le dirigeant nord-cor\u00e9en Kim Jong Un a appel\u00e9 ses soldats \u00e0 se pr\u00e9parer <strong>\u00ab\u00a0\u00e0 la vraie guerre\u00a0\u00bb<\/strong> lors d\u2019un exercice d\u2019artillerie, rapporte l\u2019agence officielle KCNA.<\/p>\n<p>Soldats en treillis, tirs d\u2019artillerie et d\u2019obus en pleine mer\u2026Des images montrent le leader de la Cor\u00e9e du Nord observant attentivement<strong> un exercice militaire\u00a0<\/strong>ux c\u00f4t\u00e9s de plusieurs chefs de l\u2019arm\u00e9e nord-cor\u00e9enne dans un lieu tenu secret, ce mercredi.\u00a0<\/p>\n<p class=\"std-elt__inline\">\n        <strong>\u00c0 lire aussi :<\/strong><br \/>\n        <a href=\"https:\/\/www.lindependant.fr\/2025\/06\/19\/guerre-en-ukraine-la-coree-du-nord-va-envoyer-25-000-hommes-en-russie-pour-fabriquer-des-drones-12773282.php\" rel=\"nofollow noopener\" target=\"_blank\">Guerre en Ukraine\u00a0: la Cor\u00e9e du Nord va envoyer 25\u00a0000 hommes en Russie pour fabriquer des drones<\/a>\n    <\/p>\n<p>Durant la s\u00e9ance, Kim Jong Un, v\u00eatu d&rsquo;un costume noir, s\u2019est adress\u00e9 \u00e0 ses soldats \u00e0 qui il a demand\u00e9 de se pr\u00e9parer \u00ab\u00a0\u00e0 la vraie guerre\u00a0\u00bb et<strong> \u00ab\u00a0d\u2019\u00eatre capables de d\u00e9truire l\u2019ennemi dans chaque bataille\u00a0\u00bb,<\/strong> relate encore KCNA.<\/p>\n<p>Ces propos laissent \u00e0 penser que la Cor\u00e9e du Nord souhaite s\u2019engager un peu plus dans le conflit qui oppose la Russie \u00e0 l\u2019Ukraine, <a href=\"https:\/\/www.lindependant.fr\/2025\/06\/16\/guerre-en-ukraine-plus-de-la-moitie-de-ses-soldats-deployes-dans-la-region-en-combattant-aux-cotes-de-la-russie-a-koursk-la-coree-du-nord-a-perdu-plus-12765028.php\" target=\"_self\" rel=\"nofollow noopener\">un contingent nord-cor\u00e9en ayant particip\u00e9 aux combats contre les forces ukrainiennes dans la r\u00e9gion russe de Koursk.<\/a>\u00a0<strong>La Cor\u00e9e du Nord fournit\u00a0par ailleurs la Russie en obus et en missiles <\/strong>et <a href=\"https:\/\/www.lindependant.fr\/2025\/06\/26\/guerre-en-ukraine-pour-soutenir-son-offensive-de-grande-envergure-la-coree-du-nord-va-envoyer-de-nouvelles-troupes-en-russie-cet-ete-12788099.php\" target=\"_self\" rel=\"nofollow noopener\">pr\u00e9voit d&rsquo;envoyer des trouples suppl\u00e9mentaires en Russie en juillet ou en ao\u00fbt,<\/a> avait rapport\u00e9 le Service de renseignement national (Nis) de Cor\u00e9e du Sud.\u00a0<\/p>\n","protected":false},"excerpt":{"rendered":"Mercredi 23 juillet, le dirigeant nord-cor\u00e9en Kim Jong Un a appel\u00e9 ses soldats \u00e0 se pr\u00e9parer \u00ab\u00a0\u00e0 la&hellip;\n","protected":false},"author":2,"featured_media":270230,"comment_status":"","ping_status":"","sticky":false,"template":"","format":"standard","meta":{"footnotes":""},"categories":[1591],"tags":[11,1887,12,1885,1886,132],"class_list":{"0":"post-270229","1":"post","2":"type-post","3":"status-publish","4":"format-standard","5":"has-post-thumbnail","7":"category-russie","8":"tag-actualites","9":"tag-federation-de-russie","10":"tag-news","11":"tag-russia","12":"tag-russian-federation","13":"tag-russie"},"share_on_mastodon":{"url":"https:\/\/pubeurope.com\/@fr\/114907746393821502","error":""},"_links":{"self":[{"href":"https:\/\/www.europesays.com\/fr\/wp-json\/wp\/v2\/posts\/270229","targetHints":{"allow":["GET"]}}],"collection":[{"href":"https:\/\/www.europesays.com\/fr\/wp-json\/wp\/v2\/posts"}],"about":[{"href":"https:\/\/www.europesays.com\/fr\/wp-json\/wp\/v2\/types\/post"}],"author":[{"embeddable":true,"href":"https:\/\/www.europesays.com\/fr\/wp-json\/wp\/v2\/users\/2"}],"replies":[{"embeddable":true,"href":"https:\/\/www.europesays.com\/fr\/wp-json\/wp\/v2\/comments?post=270229"}],"version-history":[{"count":0,"href":"https:\/\/www.europesays.com\/fr\/wp-json\/wp\/v2\/posts\/270229\/revisions"}],"wp:featuredmedia":[{"embeddable":true,"href":"https:\/\/www.europesays.com\/fr\/wp-json\/wp\/v2\/media\/270230"}],"wp:attachment":[{"href":"https:\/\/www.europesays.com\/fr\/wp-json\/wp\/v2\/media?parent=270229"}],"wp:term":[{"taxonomy":"category","embeddable":true,"href":"https:\/\/www.europesays.com\/fr\/wp-json\/wp\/v2\/categories?post=270229"},{"taxonomy":"post_tag","embeddable":true,"href":"https:\/\/www.europesays.com\/fr\/wp-json\/wp\/v2\/tags?post=270229"}],"curies":[{"name":"wp","href":"https:\/\/api.w.org\/{rel}","templated":true}]}}