{"id":270233,"date":"2025-07-24T10:31:59","date_gmt":"2025-07-24T10:31:59","guid":{"rendered":"https:\/\/www.europesays.com\/fr\/270233\/"},"modified":"2025-07-24T10:31:59","modified_gmt":"2025-07-24T10:31:59","slug":"lunion-europeenne-valide-des-represailles-a-93-milliards-deuros-en-cas-dechec-des-negociations-avec-les-etats-unis","status":"publish","type":"post","link":"https:\/\/www.europesays.com\/fr\/270233\/","title":{"rendered":"l\u2019Union europ\u00e9enne valide des repr\u00e9sailles \u00e0 93\u00a0milliards d\u2019euros en cas d\u2019\u00e9chec des n\u00e9gociations avec les Etats-Unis"},"content":{"rendered":"<p>                          <img loading=\"lazy\" decoding=\"async\" src=\"https:\/\/www.europesays.com\/fr\/wp-content\/uploads\/2025\/07\/3211dfc_ftp-import-images-1-qjvxdh7gjepj-5501183-01-06.jpg\" alt=\"Donald Trump, \u00e0 Washington, le 2\u00a0avril 2025.\"   width=\"664\" height=\"443\"\/>    Donald Trump, \u00e0 Washington, le 2\u00a0avril 2025.  BRENDAN SMIALOWSKI \/ AFP                   <\/p>\n<p class=\"article__paragraph  \">L\u2019Union europ\u00e9enne (UE) a valid\u00e9, jeudi 24\u00a0juillet, des repr\u00e9sailles \u00e0 hauteur de 93\u00a0milliards d\u2019euros, qui s\u2019appliqueraient d\u00e8s le 7\u00a0ao\u00fbt si les n\u00e9gociations commerciales avec les Etats-Unis devaient \u00e9chouer, ont annonc\u00e9 des diplomates europ\u00e9ens.<\/p>\n<p>                                     Lire aussi |  Article r\u00e9serv\u00e9 \u00e0 nos abonn\u00e9s  <a href=\"https:\/\/www.lemonde.fr\/economie\/article\/2025\/07\/23\/guerre-commerciale-un-accord-asymetrique-se-dessine-entre-bruxelles-et-washington_6623270_3234.html\" class=\"js-article-read-also catcher--favoris__link\" data-premium=\"1\" id=\"article-title-3432556\" rel=\"nofollow noopener\" target=\"_blank\">Guerre commerciale\u00a0entre l\u2019Union europ\u00e9enne et les Etats-Unis\u00a0: un accord asym\u00e9trique se dessine<\/a>    <\/p>\n<p>   Lire plus tard  <\/p>\n<p class=\"article__paragraph  \">L\u2019UE a pr\u00e9par\u00e9 une liste de marchandises am\u00e9ricaines, du bourbon aux voitures, en passant par les avions, qui seraient tax\u00e9es si les Etats-Unis de Donald Trump devaient appliquer <a href=\"https:\/\/www.lemonde.fr\/international\/article\/2025\/07\/12\/donald-trump-annonce-des-droits-de-douane-de-30-contre-l-union-europeenne-et-le-mexique-a-partir-du-1er-aout_6620873_3210.html\" rel=\"nofollow noopener\" target=\"_blank\">des droits de douane de 30\u00a0% sur les importations europ\u00e9ennes<\/a>, comme ils ont menac\u00e9 de le faire, <a href=\"https:\/\/www.lemonde.fr\/economie\/article\/2025\/07\/06\/les-nouveaux-droits-de-douane-s-appliqueront-au-1er-aout-pour-les-pays-n-ayant-pas-trouve-d-accord-avec-les-etats-unis-previent-le-secretaire-du-tresor-americain_6619281_3234.html\" rel=\"nofollow noopener\" target=\"_blank\">\u00e0 compter du 1er\u00a0ao\u00fbt.<\/a><\/p>\n<p class=\"article__paragraph  \">L\u2019Europe a encore l\u2019espoir de trouver une solution n\u00e9goci\u00e9e, mais a list\u00e9 des biens am\u00e9ricains \u00e0 taxer \u00e0 partir du 7\u00a0ao\u00fbt en cas d\u2019\u00e9chec des discussions, dont une premi\u00e8re liste d\u00e9j\u00e0 adopt\u00e9e \u00e0 hauteur de 21\u00a0milliards d\u2019euros, \u00e0 laquelle s\u2019est ajout\u00e9e une deuxi\u00e8me liste \u00e0 hauteur de 72\u00a0milliards d\u2019euros.<\/p>\n<p>             Fusion de deux listes             <\/p>\n<p class=\"article__paragraph  \">L\u2019UE a d\u00e9cid\u00e9, jeudi, de fusionner ces deux listes, qui comprennent un tr\u00e8s grand nombre de marchandises\u00a0: soja, avions, voitures,\u00a0etc.<\/p>\n<p class=\"article__paragraph  \">Les n\u00e9gociations se poursuivent, et un accord semblait se dessiner, jeudi, avec des droits de douane am\u00e9ricains ramen\u00e9s \u00e0 15\u00a0% et plusieurs exemptions concernant le secteur a\u00e9ronautique ou pharmaceutique. Les Europ\u00e9ens entendent toutefois faire aussi preuve de fermet\u00e9 si ces n\u00e9gociations devaient une nouvelle fois capoter.<\/p>\n<p class=\"article__paragraph  \">Outre ces repr\u00e9sailles \u00e0 hauteur de pr\u00e8s de 100\u00a0milliards d\u2019euros, l\u2019UE dispose \u00e9galement d\u2019un \u00ab\u00a0instrument anticoercition\u00a0\u00bb, un puissant outil commercial qui lui permettrait d\u2019aller au-del\u00e0 de simples taxes douani\u00e8res. Cet instrument, au d\u00e9part pens\u00e9 pour r\u00e9pliquer aux pratiques jug\u00e9es d\u00e9loyales de la Chine, permet ainsi \u00e0 l\u2019UE de bloquer certains investissements ou l\u2019acc\u00e8s \u00e0 ses march\u00e9s publics.<\/p>\n<p>                                Lire aussi |  Article r\u00e9serv\u00e9 \u00e0 nos abonn\u00e9s  <a href=\"https:\/\/www.lemonde.fr\/economie\/article\/2025\/07\/18\/etats-unis-et-chine-l-europe-sous-la-menace-de-deux-guerres-commerciales_6622095_3234.html\" class=\"js-article-read-also catcher--favoris__link\" data-premium=\"1\" id=\"article-title-3432031\" rel=\"nofollow noopener\" target=\"_blank\">L\u2019Europe sous la menace de deux guerres commerciales avec les Etats-Unis et la Chine<\/a>    <\/p>\n<p>   Lire plus tard  <\/p>\n<p class=\"author__detail\">  Le Monde avec AFP  <\/p>\n<p>                  <a href=\"https:\/\/www.lemonde.fr\/syndication\/\" class=\"reuse__content\" title=\"R\u00e9utiliser ce contenu\" target=\"_blank\" rel=\"nofollow noopener\">R\u00e9utiliser ce contenu<\/a>      <\/p>\n","protected":false},"excerpt":{"rendered":"Donald Trump, \u00e0 Washington, le 2\u00a0avril 2025. BRENDAN SMIALOWSKI \/ AFP L\u2019Union europ\u00e9enne (UE) a valid\u00e9, jeudi 24\u00a0juillet,&hellip;\n","protected":false},"author":2,"featured_media":270234,"comment_status":"","ping_status":"","sticky":false,"template":"","format":"standard","meta":{"footnotes":""},"categories":[1589],"tags":[11,73,1866,12,1864,1865,1863,308],"class_list":{"0":"post-270233","1":"post","2":"type-post","3":"status-publish","4":"format-standard","5":"has-post-thumbnail","7":"category-etats-unis","8":"tag-actualites","9":"tag-etats-unis","10":"tag-etats-unis-damerique","11":"tag-news","12":"tag-united-states","13":"tag-united-states-of-america","14":"tag-us","15":"tag-usa"},"share_on_mastodon":{"url":"https:\/\/pubeurope.com\/@fr\/114907758205286067","error":""},"_links":{"self":[{"href":"https:\/\/www.europesays.com\/fr\/wp-json\/wp\/v2\/posts\/270233","targetHints":{"allow":["GET"]}}],"collection":[{"href":"https:\/\/www.europesays.com\/fr\/wp-json\/wp\/v2\/posts"}],"about":[{"href":"https:\/\/www.europesays.com\/fr\/wp-json\/wp\/v2\/types\/post"}],"author":[{"embeddable":true,"href":"https:\/\/www.europesays.com\/fr\/wp-json\/wp\/v2\/users\/2"}],"replies":[{"embeddable":true,"href":"https:\/\/www.europesays.com\/fr\/wp-json\/wp\/v2\/comments?post=270233"}],"version-history":[{"count":0,"href":"https:\/\/www.europesays.com\/fr\/wp-json\/wp\/v2\/posts\/270233\/revisions"}],"wp:featuredmedia":[{"embeddable":true,"href":"https:\/\/www.europesays.com\/fr\/wp-json\/wp\/v2\/media\/270234"}],"wp:attachment":[{"href":"https:\/\/www.europesays.com\/fr\/wp-json\/wp\/v2\/media?parent=270233"}],"wp:term":[{"taxonomy":"category","embeddable":true,"href":"https:\/\/www.europesays.com\/fr\/wp-json\/wp\/v2\/categories?post=270233"},{"taxonomy":"post_tag","embeddable":true,"href":"https:\/\/www.europesays.com\/fr\/wp-json\/wp\/v2\/tags?post=270233"}],"curies":[{"name":"wp","href":"https:\/\/api.w.org\/{rel}","templated":true}]}}