{"id":270241,"date":"2025-07-24T10:36:31","date_gmt":"2025-07-24T10:36:31","guid":{"rendered":"https:\/\/www.europesays.com\/fr\/270241\/"},"modified":"2025-07-24T10:36:31","modified_gmt":"2025-07-24T10:36:31","slug":"lunion-europeenne-valide-des-represailles-a-93-milliards-deuros-en-cas-dechec-des-negociations-avec-les-etats-unis-2","status":"publish","type":"post","link":"https:\/\/www.europesays.com\/fr\/270241\/","title":{"rendered":"l\u2019Union europ\u00e9enne valide des repr\u00e9sailles \u00e0 93 milliards d\u2019euros en cas d\u2019\u00e9chec des n\u00e9gociations avec les \u00c9tats-Unis"},"content":{"rendered":"<p>Les \u00c9tats europ\u00e9ens ont donn\u00e9 leur feu vert \u00e0 des repr\u00e9sailles \u00e0 hauteur de 93\u00a0milliards d\u2019euros, qui s\u2019appliqueraient d\u00e8s le 7\u00a0ao\u00fbt 2025 si <a target=\"_self\" href=\"https:\/\/www.lanouvellerepublique.fr\/a-la-une\/droits-de-douane-reunion-exceptionnelle-a-bercy-mardi-face-aux-menaces-de-donald-trump-1753035489\" rel=\"nofollow noopener\">les n\u00e9gociations commerciales avec les \u00c9tats-Unis<\/a> devaient \u00e9chouer, ont indiqu\u00e9 des diplomates jeudi 24\u00a0juillet. L\u2019UE a pr\u00e9par\u00e9 une liste de marchandises am\u00e9ricaines qui seraient tax\u00e9es si les \u00c9tats-Unis de Donald Trump devaient appliquer des droits de douane de 30\u00a0% sur les importations europ\u00e9ennes, comme ils ont menac\u00e9 de le faire, <a target=\"_self\" href=\"https:\/\/www.lanouvellerepublique.fr\/a-la-une\/donald-trump-annonce-30-de-droits-de-douane-pour-l-union-europeenne-a-partir-du-1er-aout-1752325865\" rel=\"nofollow noopener\">\u00e0 compter du 1er\u00a0ao\u00fbt<\/a>.<\/p>\n<p>L\u2019Europe a encore l\u2019espoir de trouver une solution n\u00e9goci\u00e9e, mais a list\u00e9 des biens am\u00e9ricains \u00e0 taxer en cas d\u2019\u00e9chec des discussions, dont une premi\u00e8re liste d\u00e9j\u00e0 adopt\u00e9e \u00e0 hauteur de 21\u00a0milliards d\u2019euros, \u00e0 laquelle s\u2019est ajout\u00e9e une <a target=\"_self\" href=\"https:\/\/www.lanouvellerepublique.fr\/a-la-une\/droits-de-douane-l-union-europeenne-menace-de-repliquer-a-hauteur-de-72-milliards-d-euros-1752505956\" rel=\"nofollow noopener\">deuxi\u00e8me liste \u00e0 hauteur de 72\u00a0milliards d\u2019euros<\/a>. L\u2019UE a d\u00e9cid\u00e9 jeudi de fusionner ces deux listes, qui comprennent un tr\u00e8s grand nombre de marchandises\u00a0: soja, avions, voitures,\u00a0etc.<\/p>\n<p>L\u2019UE peut aller plus loin en cas d\u2019\u00e9chec<\/p>\n<p>Les n\u00e9gociations se poursuivent et un accord semblait jeudi se dessiner avec des droits de douane am\u00e9ricains ramen\u00e9s \u00e0 15\u00a0% et plusieurs exemptions concernant le secteur a\u00e9ronautique ou pharmaceutique. Les Europ\u00e9ens entendent toutefois faire aussi preuve de fermet\u00e9 si ces n\u00e9gociations devaient une nouvelle fois capoter.<\/p>\n<p>Outre ces repr\u00e9sailles \u00e0 hauteur de pr\u00e8s de 100\u00a0milliards d\u2019euros, l\u2019UE dispose \u00e9galement d\u2019un \u00ab\u00a0instrument anti-coercition\u00a0\u00bb, un puissant outil commercial qui lui permettrait d\u2019aller au-del\u00e0 de simples taxes douani\u00e8res.\u00a0Cet instrument, au d\u00e9part pens\u00e9 pour r\u00e9pliquer aux pratiques jug\u00e9es d\u00e9loyales de la Chine, permet ainsi \u00e0 l\u2019UE de bloquer certains investissements ou l\u2019acc\u00e8s \u00e0 ses march\u00e9s publics.<\/p>\n","protected":false},"excerpt":{"rendered":"Les \u00c9tats europ\u00e9ens ont donn\u00e9 leur feu vert \u00e0 des repr\u00e9sailles \u00e0 hauteur de 93\u00a0milliards d\u2019euros, qui s\u2019appliqueraient&hellip;\n","protected":false},"author":2,"featured_media":270242,"comment_status":"","ping_status":"","sticky":false,"template":"","format":"standard","meta":{"footnotes":""},"categories":[1586],"tags":[328,11,75,33,73,1777,674,1779,1011,27,329,74,12,25,1778,364],"class_list":{"0":"post-270241","1":"post","2":"type-post","3":"status-publish","4":"format-standard","5":"has-post-thumbnail","7":"category-europe","8":"tag-a-la-une","9":"tag-actualites","10":"tag-donald-trump","11":"tag-economie","12":"tag-etats-unis","13":"tag-eu","14":"tag-europe","15":"tag-european-union","16":"tag-fr","17":"tag-france","18":"tag-france-monde","19":"tag-monde","20":"tag-news","21":"tag-republique-francaise","22":"tag-ue","23":"tag-union-europeenne"},"share_on_mastodon":{"url":"https:\/\/pubeurope.com\/@fr\/114907773859460314","error":""},"_links":{"self":[{"href":"https:\/\/www.europesays.com\/fr\/wp-json\/wp\/v2\/posts\/270241","targetHints":{"allow":["GET"]}}],"collection":[{"href":"https:\/\/www.europesays.com\/fr\/wp-json\/wp\/v2\/posts"}],"about":[{"href":"https:\/\/www.europesays.com\/fr\/wp-json\/wp\/v2\/types\/post"}],"author":[{"embeddable":true,"href":"https:\/\/www.europesays.com\/fr\/wp-json\/wp\/v2\/users\/2"}],"replies":[{"embeddable":true,"href":"https:\/\/www.europesays.com\/fr\/wp-json\/wp\/v2\/comments?post=270241"}],"version-history":[{"count":0,"href":"https:\/\/www.europesays.com\/fr\/wp-json\/wp\/v2\/posts\/270241\/revisions"}],"wp:featuredmedia":[{"embeddable":true,"href":"https:\/\/www.europesays.com\/fr\/wp-json\/wp\/v2\/media\/270242"}],"wp:attachment":[{"href":"https:\/\/www.europesays.com\/fr\/wp-json\/wp\/v2\/media?parent=270241"}],"wp:term":[{"taxonomy":"category","embeddable":true,"href":"https:\/\/www.europesays.com\/fr\/wp-json\/wp\/v2\/categories?post=270241"},{"taxonomy":"post_tag","embeddable":true,"href":"https:\/\/www.europesays.com\/fr\/wp-json\/wp\/v2\/tags?post=270241"}],"curies":[{"name":"wp","href":"https:\/\/api.w.org\/{rel}","templated":true}]}}