{"id":270251,"date":"2025-07-24T10:42:14","date_gmt":"2025-07-24T10:42:14","guid":{"rendered":"https:\/\/www.europesays.com\/fr\/270251\/"},"modified":"2025-07-24T10:42:14","modified_gmt":"2025-07-24T10:42:14","slug":"xv-de-france-rugueux-volontaire-lucide-bourgarit-revient-de-loin-mais-la-route-vers-laustralie-est-encore-longue","status":"publish","type":"post","link":"https:\/\/www.europesays.com\/fr\/270251\/","title":{"rendered":"XV de France. Rugueux, volontaire, lucide : Bourgarit revient de loin mais la route vers l&rsquo;Australie est (encore) longue"},"content":{"rendered":"<p>                Deux saisons gal\u00e8res, un moral retrouv\u00e9<\/p>\n<p>Il n\u2019avait plus port\u00e9 le maillot bleu depuis la <a href=\"https:\/\/www.lerugbynistere.fr\/international\/coupe-du-monde-rugby\/\" ui-sref=\"app.competition({competitionId: 9})\" alt=\"Coupe du monde\" data-route=\"app.competition\" data-param=\"competitionId\" data-id=\"9\" rel=\"nofollow noopener\" target=\"_blank\">Coupe du monde<\/a> 2023. Cet \u00e9t\u00e9, face aux <a href=\"https:\/\/www.lerugbynistere.fr\/equipes-nationales\/all-blacks.php\" ui-sref=\"app.team({teamId: 24})\" alt=\"All Blacks\" data-route=\"app.team\" data-param=\"teamId\" data-id=\"24\" rel=\"nofollow noopener\" target=\"_blank\">All Blacks<\/a>, <a href=\"https:\/\/www.lerugbynistere.fr\/fiches-joueurs\/pierre-bourgarit.php\" ui-sref=\"app.player({playerId: 5509})\" alt=\"Pierre Bourgarit\" data-route=\"app.player\" data-param=\"playerId\" data-id=\"5509\" rel=\"nofollow noopener\" target=\"_blank\">Pierre Bourgarit<\/a> a sign\u00e9 son retour dans le grand bain avec le <a href=\"https:\/\/www.lerugbynistere.fr\/equipes-nationales\/xv-de-france.php\" ui-sref=\"app.team({teamId: 65})\" alt=\"XV de France\" data-route=\"app.team\" data-param=\"teamId\" data-id=\"65\" rel=\"nofollow noopener\" target=\"_blank\">XV de France<\/a>. Trois feuilles de match, une titularisation lors du troisi\u00e8me test \u00e0 Waikato, et un message clair au staff :<strong> il est toujours l\u00e0.<\/strong><\/p>\n<p>Le talonneur du <a href=\"https:\/\/www.lerugbynistere.fr\/clubs\/atlantique-stade-rochelais.php\" ui-sref=\"app.team({teamId: 30})\" alt=\"Stade Rochelais\" data-route=\"app.team\" data-param=\"teamId\" data-id=\"30\" rel=\"nofollow noopener\" target=\"_blank\">Stade Rochelais<\/a> sort de deux saisons compliqu\u00e9es, <strong>marqu\u00e9es par une grave blessure au tibia<\/strong>. \u201cOui, \u00e7a m\u2019a fait du bien. Je ne dirais peut-\u00eatre pas qu\u2019il y a une part de soulagement. Mais, en tout cas, je suis plut\u00f4t rassur\u00e9 sur le fait qu\u2019en continuant \u00e0 travailler, je puisse revenir \u00e0 mon meilleur niveau\u201d, confie-t-il au <a href=\"https:\/\/www.rugbyrama.fr\/2025\/07\/21\/tournee-du-xv-de-france-en-nouvelle-zelande-apres-deux-ans-de-galeres-pierre-bourgarit-a-acte-son-renouveau-en-nouvelle-zelande-12834617.php\" target=\"_blank\" rel=\"nofollow noopener\">Midi Olympique<\/a>. En clair, le corps va mieux, et la t\u00eate suit.<\/p>\n<p>Des sensations qui reviennent<\/p>\n<p>Sur la tourn\u00e9e, Bourgarit a progressivement mont\u00e9 en puissance. \u201cSur le premier, je manquais de rythme. C\u2019\u00e9tait un peu mieux \u00e0 Wellington quand je suis entr\u00e9. Et l\u00e0, j\u2019\u00e9tais plut\u00f4t bien physiquement. [&#8230;] \u00c7a me permet de reprendre du temps de jeu. Et quoi de mieux que d\u2019affronter une des meilleures \u00e9quipes du monde ? Rien, je pense.\u201d <strong>Pas encore dans la forme de sa vie, mais les voyants sont \u00e0 nouveau au vert.<\/strong><\/p>\n<p>Une concurrence f\u00e9roce chez les talonneurs<\/p>\n<p>Avec Mauvaka bless\u00e9, la porte est entrouverte cet automne. Mais la bataille sera rude, avec Barlot (d\u00e9sormais \u00e0 l\u2019UBB) et Lamothe, en grande forme la saison derni\u00e8re. \u201cCela m\u2019a permis de montrer au staff que je suis toujours l\u00e0. [&#8230;] Il reste du travail mais je suis quand m\u00eame content.\u201d Sans oublier un <a href=\"https:\/\/www.lerugbynistere.fr\/fiches-joueurs\/julien-marchand-07062022.php\" ui-sref=\"app.player({playerId: 13617})\" alt=\"Julien Marchand\" data-route=\"app.player\" data-param=\"playerId\" data-id=\"13617\" rel=\"nofollow noopener\" target=\"_blank\">Julien Marchand<\/a> qui, comme lui, est pass\u00e9 par les blessures et la concurrence, pour retrouver sa place \u00e0 <a href=\"https:\/\/www.lerugbynistere.fr\/clubs\/le-stade-toulousain.php\" ui-sref=\"app.team({teamId: 34})\" alt=\"Toulouse\" data-route=\"app.team\" data-param=\"teamId\" data-id=\"34\" rel=\"nofollow noopener\" target=\"_blank\">Toulouse<\/a> comme chez les Bleus.<\/p>\n<p>S\u2019il a montr\u00e9 de l\u2019envie, Bourgarit sait aussi qu\u2019il doit encore gommer quelques scories. \u201cJ\u2019ai encore eu une p\u00e9nalit\u00e9 siffl\u00e9e contre moi sur le troisi\u00e8me test. Il y en a eu trois ou quatre sur la tourn\u00e9e. Cela veut dire qu\u2019il reste du travail.\u201d Une lucidit\u00e9 qui dit beaucoup de son \u00e9tat d\u2019esprit.\u00a0<\/p>\n<p>Mais sa pr\u00e9sence cet \u00e9t\u00e9 en Nouvelle-Z\u00e9lande ne garantit pas qu&rsquo;il sera \u00e0 Marcoussis cet automne pour d\u00e9fier les champions du monde sud-africains, l&rsquo;<a href=\"https:\/\/www.lerugbynistere.fr\/equipes-nationales\/wallabies.php\" ui-sref=\"app.team({teamId: 26})\" alt=\"Australie\" data-route=\"app.team\" data-param=\"teamId\" data-id=\"26\" rel=\"nofollow noopener\" target=\"_blank\">Australie<\/a> et les <a href=\"https:\/\/www.lerugbynistere.fr\/equipes-nationales\/fidji.php\" ui-sref=\"app.team({teamId: 59})\" alt=\"Fidji\" data-route=\"app.team\" data-param=\"teamId\" data-id=\"59\" rel=\"nofollow noopener\" target=\"_blank\">Fidji<\/a>. <strong>Le d\u00e9but de saison en TOP 14 sera primordial pour se montrer<\/strong> et pousser Galthi\u00e9 \u00e0 lui faire confiance comme num\u00e9ro 2 derri\u00e8re le Toulousain Marchand.\u00a0<\/p>\n<p>Un talonneur \u00e0 relancer<\/p>\n<p>\u00c0 27 ans, le Rochelais a encore du temps devant lui, et l\u2019exp\u00e9rience du tr\u00e8s haut niveau. Le s\u00e9lectionneur du XV de France n&rsquo;a eu de cesse de r\u00e9p\u00e9ter que c&rsquo;\u00e9tait aux joueurs d&rsquo;aller chercher le maillot. Ce retour face aux Blacks pourrait bien marquer un tournant. \u00c0 condition de maintenir le cap, et d\u2019aligner les performances en club. <strong>Le Bleu, il l\u2019a regagn\u00e9. Le garder, c\u2019est une autre histoire.<\/strong><\/p>\n<p>Dans l&rsquo;esprit du staff, Mauvaka et Marchand, compl\u00e9mentaires, occupent toujours les premi\u00e8res places. Seuls deux talonneurs partiront en Australie pour la prochaine coupe du monde en 2027. <strong>Et les \u00e9ch\u00e9ances internationales seront de plus en plus rares<\/strong> pour marquer des points. Les tests de novembre ainsi que le Tournoi 2026 pourraient bien \u00eatre d\u00e9terminants pour le Rochelais comme pour ses concurrents s&rsquo;ils veulent bousculer l&rsquo;ordre \u00e9tabli.<\/p>\n","protected":false},"excerpt":{"rendered":"Deux saisons gal\u00e8res, un moral retrouv\u00e9 Il n\u2019avait plus port\u00e9 le maillot bleu depuis la Coupe du monde&hellip;\n","protected":false},"author":2,"featured_media":270252,"comment_status":"","ping_status":"","sticky":false,"template":"","format":"standard","meta":{"footnotes":""},"categories":[1416],"tags":[1011,27,479,1468,60],"class_list":{"0":"post-270251","1":"post","2":"type-post","3":"status-publish","4":"format-standard","5":"has-post-thumbnail","7":"category-rugby","8":"tag-fr","9":"tag-france","10":"tag-rugby","11":"tag-rugby-football","12":"tag-sports"},"share_on_mastodon":{"url":"https:\/\/pubeurope.com\/@fr\/114907797503823587","error":""},"_links":{"self":[{"href":"https:\/\/www.europesays.com\/fr\/wp-json\/wp\/v2\/posts\/270251","targetHints":{"allow":["GET"]}}],"collection":[{"href":"https:\/\/www.europesays.com\/fr\/wp-json\/wp\/v2\/posts"}],"about":[{"href":"https:\/\/www.europesays.com\/fr\/wp-json\/wp\/v2\/types\/post"}],"author":[{"embeddable":true,"href":"https:\/\/www.europesays.com\/fr\/wp-json\/wp\/v2\/users\/2"}],"replies":[{"embeddable":true,"href":"https:\/\/www.europesays.com\/fr\/wp-json\/wp\/v2\/comments?post=270251"}],"version-history":[{"count":0,"href":"https:\/\/www.europesays.com\/fr\/wp-json\/wp\/v2\/posts\/270251\/revisions"}],"wp:featuredmedia":[{"embeddable":true,"href":"https:\/\/www.europesays.com\/fr\/wp-json\/wp\/v2\/media\/270252"}],"wp:attachment":[{"href":"https:\/\/www.europesays.com\/fr\/wp-json\/wp\/v2\/media?parent=270251"}],"wp:term":[{"taxonomy":"category","embeddable":true,"href":"https:\/\/www.europesays.com\/fr\/wp-json\/wp\/v2\/categories?post=270251"},{"taxonomy":"post_tag","embeddable":true,"href":"https:\/\/www.europesays.com\/fr\/wp-json\/wp\/v2\/tags?post=270251"}],"curies":[{"name":"wp","href":"https:\/\/api.w.org\/{rel}","templated":true}]}}