{"id":270253,"date":"2025-07-24T10:43:10","date_gmt":"2025-07-24T10:43:10","guid":{"rendered":"https:\/\/www.europesays.com\/fr\/270253\/"},"modified":"2025-07-24T10:43:10","modified_gmt":"2025-07-24T10:43:10","slug":"daniel-evans-corentin-moutet-atp-500-washington-huitiemes-de-finale-jeudi-24-juillet-2025-lequipe","status":"publish","type":"post","link":"https:\/\/www.europesays.com\/fr\/270253\/","title":{"rendered":"Daniel Evans &#8211; Corentin Moutet, ATP 500, Washington, Huiti\u00e8mes de finale, Jeudi 24 juillet 2025 &#8211; L&#039;\u00c9quipe"},"content":{"rendered":"<ol>\n<li><a href=\"https:\/\/news.google.com\/rss\/articles\/CBMiygFBVV95cUxOSkVqdFVWZmJHUmpIU2pPVWNhaDBKSjBiUFgxbkRnT3ZKcVBKMnV6TnRlYjI4VGFKN2tIel9EOE56X3FuQloxQy1ZZUNBcV9rOXo1NFlQZ1J0SVdncjJtbEhjbTR6cXdrNXVkTXRtbWZyYnV5VHlaZGs3WHBPOGlOUUNxRFlCR1dJYWZ0MDhCX3VwR2N3Rk9fYVlWMG5YaEVJU3FUODFTMkdheUNuc2lJWmhUdkk4Vm1uUGlZdms2V0dMYjZpaVJaX1l3?oc=5\" target=\"_blank\" rel=\"nofollow noopener\">Daniel Evans &#8211; Corentin Moutet, ATP 500, Washington, Huiti\u00e8mes de finale, Jeudi 24 juillet 2025<\/a>&nbsp;&nbsp;L&rsquo;\u00c9quipe<\/li>\n<li><a href=\"https:\/\/news.google.com\/rss\/articles\/CBMiigJBVV95cUxOMW5MSWo5R0k1eEN2OVBtS3JYbUYtMW9lU1QxMzJwLUFfRWlVRHFLUUtjcWMwemtLTnVmOElNOWFxYkVFY3R5RWswT1lESFlIbzR2RkZjbmJrTUZCZVFIbVljWWs1WGJVckhDNS1OZmRVazMxci1qc2VULXdJRjRjZEc4UmZZSDJRQmh1dnkxLWcwRXphaEM4dF9uOFBMbFI3YlVJQmNlUU1OMU5Da2hWcFZ5a3ZOOFA0UGtTLVhHeVczVFRpQ3JGa3ExWEFpUHhHUUlrX0ZMbHVBSFZ4bG1CYTJUZHZybWNSbGxVNmNGcGp1WHM0Q0V3QUduQk01c3NmaDRTM0ZPZ1dfUQ?oc=5\" target=\"_blank\" rel=\"nofollow noopener\">ATP &#8211; Washington &gt; L&rsquo;aveu de Daniel Evans avant d&rsquo;affronter Corentin Moutet en huiti\u00e8mes de finale : \u00ab\u00a0Je ne peux pas m&rsquo;en cacher, ma carri\u00e8re touche \u00e0 sa fin\u00a0\u00bb<\/a>&nbsp;&nbsp;We Love Tennis<\/li>\n<li><a href=\"https:\/\/news.google.com\/rss\/articles\/CBMitAFBVV95cUxQTmxvRVVkRG1QV2ZxLXJlTXY0UGExazlpS19NQW51MUl2b0RkbTVjTzVjZVNOc1oxYi12WHc3TG1KeTdlZUdyMVNnZC1DZWdrLUNjX1hJdFlzU0dYUjRJY2UxRDVLc2hjeVZrbV9pZDFtdHdaWTdLelRMcVNXckJ6eHkwNVZSZHZ3ZkNMRlZCY2NmY0NfTnVuWkRKREh3VnVzZVFBWHFiMFdKY1AxN3JmZThMdm0?oc=5\" target=\"_blank\" rel=\"nofollow noopener\">Retour difficile pour Zizou Bergs, d\u00e9j\u00e0 \u00e9limin\u00e9 pour sa reprise apr\u00e8s sa \u00ab\u00a0pause\u00a0\u00bb<\/a>&nbsp;&nbsp;RTBF<\/li>\n<li><a href=\"https:\/\/news.google.com\/rss\/articles\/CBMixAFBVV95cUxPOVhRUUpKWG15VWh3eUozbGlwOEw2aV8xV1ZNZExUMUJFQ3lJVG5NMTBvS1RZdU9Bc2QxcElBUDFjT2UxaEhFanNSTFYwdjEtLUhjOW0zQUZDOEF1ZklwU1Q3SG9VV0UxaHkxTUoyQnpFb0JiVzRETlp2RjZ2LUV2T3NFNm9tT2tiUzV6TkQ3bjdKQkNxSEkxRVotNTdiNWdUVW9STWJSOENYLVQ5bzhYM19oaXFEYUpHbzdBZHE2OHBZYlV0?oc=5\" target=\"_blank\" rel=\"nofollow noopener\">R\u00e9sultat : Yibing Wu &#8211; Alexei Popyrin, ATP 500, Washington, Deuxi\u00e8me tour, Mercredi 23 juillet 2025<\/a>&nbsp;&nbsp;L&rsquo;\u00c9quipe<\/li>\n<li><a href=\"https:\/\/news.google.com\/rss\/articles\/CBMiigJBVV95cUxNeVJpTDlLRVFoTU40Sjl6VTVoNUZGaDJPUnU1alpoWFNGYTJRaE1hXzU2REstOU9Edm1hMmotUlNIX1FjZDNiZG5QXzFaQVlzeUxyaDNocDREaGVocGYzS2lSRk9aa0M4czV3U1BQNnZIckxXN1RNbkVqSFNKRmp3RldtdkFlTWJpQTloSzJKeXNsWWJ6NVFKTDM0bjNjNUdvQ1llV0tpbHRVZVRsbjZDNUp6Z2VJQzAxUGFyUDItalJhNnRfUkVqbWNYUUxhUWQ4ZGU5bk1SaUlhb0kzSDY0Mk1tdmNIdEN4cmJzZUcyNVY0Yjc5U1VreEowc2JjcDVmaER4OWVYamZ0QQ?oc=5\" target=\"_blank\" rel=\"nofollow noopener\">ATP Washington &#8211; Zizou Bergs battu par Daniel Evans au premier tour pour sa reprise apr\u00e8s Wimbledon<\/a>&nbsp;&nbsp;La Libre.be<\/li>\n<\/ol>\n","protected":false},"excerpt":{"rendered":"Daniel Evans &#8211; Corentin Moutet, ATP 500, Washington, Huiti\u00e8mes de finale, Jeudi 24 juillet 2025&nbsp;&nbsp;L&rsquo;\u00c9quipe ATP &#8211; Washington&hellip;\n","protected":false},"author":2,"featured_media":1983,"comment_status":"","ping_status":"","sticky":false,"template":"","format":"standard","meta":{"footnotes":""},"categories":[1415],"tags":[1011,27,60,1467],"class_list":{"0":"post-270253","1":"post","2":"type-post","3":"status-publish","4":"format-standard","5":"has-post-thumbnail","7":"category-tennis","8":"tag-fr","9":"tag-france","10":"tag-sports","11":"tag-tennis"},"share_on_mastodon":{"url":"https:\/\/pubeurope.com\/@fr\/114907801329357900","error":""},"_links":{"self":[{"href":"https:\/\/www.europesays.com\/fr\/wp-json\/wp\/v2\/posts\/270253","targetHints":{"allow":["GET"]}}],"collection":[{"href":"https:\/\/www.europesays.com\/fr\/wp-json\/wp\/v2\/posts"}],"about":[{"href":"https:\/\/www.europesays.com\/fr\/wp-json\/wp\/v2\/types\/post"}],"author":[{"embeddable":true,"href":"https:\/\/www.europesays.com\/fr\/wp-json\/wp\/v2\/users\/2"}],"replies":[{"embeddable":true,"href":"https:\/\/www.europesays.com\/fr\/wp-json\/wp\/v2\/comments?post=270253"}],"version-history":[{"count":0,"href":"https:\/\/www.europesays.com\/fr\/wp-json\/wp\/v2\/posts\/270253\/revisions"}],"wp:featuredmedia":[{"embeddable":true,"href":"https:\/\/www.europesays.com\/fr\/wp-json\/wp\/v2\/media\/1983"}],"wp:attachment":[{"href":"https:\/\/www.europesays.com\/fr\/wp-json\/wp\/v2\/media?parent=270253"}],"wp:term":[{"taxonomy":"category","embeddable":true,"href":"https:\/\/www.europesays.com\/fr\/wp-json\/wp\/v2\/categories?post=270253"},{"taxonomy":"post_tag","embeddable":true,"href":"https:\/\/www.europesays.com\/fr\/wp-json\/wp\/v2\/tags?post=270253"}],"curies":[{"name":"wp","href":"https:\/\/api.w.org\/{rel}","templated":true}]}}