{"id":270254,"date":"2025-07-24T10:45:11","date_gmt":"2025-07-24T10:45:11","guid":{"rendered":"https:\/\/www.europesays.com\/fr\/270254\/"},"modified":"2025-07-24T10:45:11","modified_gmt":"2025-07-24T10:45:11","slug":"rossi-podium-record-du-valentine-en-motogp-avec-marc-marquez","status":"publish","type":"post","link":"https:\/\/www.europesays.com\/fr\/270254\/","title":{"rendered":"Rossi Podium record du Valentine en MotoGP avec Marc Marquez"},"content":{"rendered":"<p>AKARTA &#8211; Le coureur de Ducati, Marc Marquez, se rapproche de fixer le record fantastique \u00e9tabli par la l\u00e9gende de la course Valentino Rossi en MotoGP. Cette note fait suite \u00e0 la victoire obtenue par Marquez dans le MotoGP tch\u00e8que 2025.<\/p>\n<p>R\u00e9sultat d\u2019assurer le podium principal sur le circuit russe n\u2019a pas seulement rendu Marc Marquez fort sur la course au champion du MotoGP 2025. Cette r\u00e9alisation l\u2019a \u00e9galement emmen\u00e9 \u00e0 continuer \u00e0 attacher Valentino Rossi au rang des pilotes d\u2019\u00e9lite pour s\u00e9curiser le podium.<\/p>\n<p>Marc Marquez est actuellement r\u00e9pertori\u00e9 comme deuxi\u00e8me coureur avec le plus grand nombre de podiums, 160 fois. Pendant ce temps, le plus grand nombre de records est toujours d\u00e9tenu par Valentino Rossi avec un record de 235 fois de podiums.<\/p>\n<p>Bien que la distance avec Rossi soit toujours de 75 podiums, Marquez a disput\u00e9 160 podiums avec moins de courses selon le site Web de Motosan.<\/p>\n<p>ina : \u00ab La plus \u00e9tonnante, c\u2019est qu\u2019il (Marc M\u00e1rquez) l\u2019a obtenue dans moins de courses (par rapport \u00e0 Valentino Rossi) \u00bb, a \u00e9crit le site Web de Motosan, cit\u00e9 jeudi 24 juillet 2025.<\/p>\n<p>Agostini est en troisi\u00e8me place avec 159 podiums. Ensuite, Dani Ped Italian a d\u00e9pass\u00e9 153 podiums et Jorge Aliens 152 podiums.<\/p>\n<p>Marquez est devenu le seul pilote actif \u00e0 \u00eatre entr\u00e9 dans les cinq premiers avec le plus grand nombre de podiums dans l\u2019histoire de cette prestigieuse moto course.<\/p>\n<p>al, le nombre de finalistes dans les trois premiers ou m\u00eame de premi\u00e8re positions peut encore \u00eatre attrap\u00e9 par The Baby Alien.<\/p>\n<p>MotoGP 2022 reste encore 10 s\u00e9ries de courses. Marc Marquez est un candidat fort pour le champion avec une domination presque tout au long de cette saison.<\/p>\n<p>r\u00e9nateur de six titres MotoGP est solide en haut du classement des coureurs avec 381 points. Pendant ce temps, son fr\u00e8re, Alex Marquez, est class\u00e9 deuxi\u00e8me avec une collection de 261 points.<\/p>\n<p>The English, Chinese, Japanese, Arabic, and French versions are automatically generated by the AI. So there may still be inaccuracies in translating, please always see Indonesian as our main language.<br \/>\n                                    (system supported by DigitalSiber.id)<\/p>\n","protected":false},"excerpt":{"rendered":"AKARTA &#8211; Le coureur de Ducati, Marc Marquez, se rapproche de fixer le record fantastique \u00e9tabli par la&hellip;\n","protected":false},"author":2,"featured_media":270255,"comment_status":"","ping_status":"","sticky":false,"template":"","format":"standard","meta":{"footnotes":""},"categories":[1413],"tags":[1011,27,1461,1457,1456,1458,60,5929],"class_list":{"0":"post-270254","1":"post","2":"type-post","3":"status-publish","4":"format-standard","5":"has-post-thumbnail","7":"category-moto","8":"tag-fr","9":"tag-france","10":"tag-marc-marquez","11":"tag-moto","12":"tag-motocycle","13":"tag-motogp","14":"tag-sports","15":"tag-valentino-rossi"},"share_on_mastodon":{"url":"https:\/\/pubeurope.com\/@fr\/114907809305927015","error":""},"_links":{"self":[{"href":"https:\/\/www.europesays.com\/fr\/wp-json\/wp\/v2\/posts\/270254","targetHints":{"allow":["GET"]}}],"collection":[{"href":"https:\/\/www.europesays.com\/fr\/wp-json\/wp\/v2\/posts"}],"about":[{"href":"https:\/\/www.europesays.com\/fr\/wp-json\/wp\/v2\/types\/post"}],"author":[{"embeddable":true,"href":"https:\/\/www.europesays.com\/fr\/wp-json\/wp\/v2\/users\/2"}],"replies":[{"embeddable":true,"href":"https:\/\/www.europesays.com\/fr\/wp-json\/wp\/v2\/comments?post=270254"}],"version-history":[{"count":0,"href":"https:\/\/www.europesays.com\/fr\/wp-json\/wp\/v2\/posts\/270254\/revisions"}],"wp:featuredmedia":[{"embeddable":true,"href":"https:\/\/www.europesays.com\/fr\/wp-json\/wp\/v2\/media\/270255"}],"wp:attachment":[{"href":"https:\/\/www.europesays.com\/fr\/wp-json\/wp\/v2\/media?parent=270254"}],"wp:term":[{"taxonomy":"category","embeddable":true,"href":"https:\/\/www.europesays.com\/fr\/wp-json\/wp\/v2\/categories?post=270254"},{"taxonomy":"post_tag","embeddable":true,"href":"https:\/\/www.europesays.com\/fr\/wp-json\/wp\/v2\/tags?post=270254"}],"curies":[{"name":"wp","href":"https:\/\/api.w.org\/{rel}","templated":true}]}}